{"id":143396,"date":"2019-12-28T09:44:43","date_gmt":"2019-12-28T12:44:43","guid":{"rendered":"http:\/\/www.caririemacao.com\/1\/?p=143396"},"modified":"2019-12-28T09:44:43","modified_gmt":"2019-12-28T12:44:43","slug":"taxa-de-desemprego-fecha-o-trimestre-encerrado-em-novembro-em-112","status":"publish","type":"post","link":"https:\/\/www.caririemacao.com\/1\/2019\/12\/28\/taxa-de-desemprego-fecha-o-trimestre-encerrado-em-novembro-em-112\/","title":{"rendered":"Taxa de desemprego fecha o trimestre encerrado em novembro em 11,2%"},"content":{"rendered":"\n<p>A taxa de desocupa\u00e7\u00e3o no pa\u00eds fechou o trimestre encerrado em novembro em 11,2%, segundo a Pesquisa Nacional por Amostra de Domic\u00edlios Cont\u00ednua (Pnad Cont\u00ednua), do Instituto Brasileiro de Geografia e Estat\u00edstica (IBGE). O estudo, divulgado hoje (27), considera desocupadas as pessoas que est\u00e3o sem emprego, mas que buscaram efetivamente um trabalho nos 30 dias anteriores \u00e0 coleta dos dados. O levantamento aponta que 11,9 milh\u00f5es de pessoas comp\u00f5em a popula\u00e7\u00e3o desocupada.<\/p>\n\n\n\n<p>Segundo o IBGE, a taxa de desocupa\u00e7\u00e3o caiu 0,7 ponto percentual no trimestre de junho a agosto, que ficou em 11,8% e foi inferior 0,4 ponto percentual em rela\u00e7\u00e3o ao mesmo trimestre de 2018, de 11,6%.<\/p>\n\n\n\n<p>A popula\u00e7\u00e3o desempregada teve redu\u00e7\u00e3o em ambas as compara\u00e7\u00f5es, de menos 5,6%, ou 702 mil pessoas a menos, em rela\u00e7\u00e3o ao trimestre de junho a agosto, e de menos 2,5%, 300 mil pessoas a menos, em rela\u00e7\u00e3o ao mesmo trimestre de 2018.<\/p>\n\n\n\n<p>Em rela\u00e7\u00e3o \u00e0 popula\u00e7\u00e3o ocupada, o levantamento mostra que s\u00e3o 94,4 milh\u00f5es, novo recorde da s\u00e9rie hist\u00f3rica iniciada em 2012. A popula\u00e7\u00e3o ocupada cresceu 0,8%, com mais 785 mil pessoas trabalhando em rela\u00e7\u00e3o ao trimestre anterior e 1,6%, mais 1,5 milh\u00e3o de pessoas, em rela\u00e7\u00e3o ao mesmo trimestre de 2018.<\/p>\n\n\n\n<p>\u201cEm termos de ocupa\u00e7\u00e3o, a gente tem o ano de 2019 com crescimentos sucessivos da popula\u00e7\u00e3o ocupada. Em novembro, a gente chega a 94,4 milh\u00f5es de pessoas ocupadas com v\u00e1rias atividades absorvendo trabalhadores, como ind\u00fastria, com\u00e9rcio, servi\u00e7os. Isso \u00e9 bastante positivo\u201d, disse a gerente da Pesquisa Adriana Beringuy.<\/p>\n\n\n\n<h2 class=\"wp-block-heading\">Carteira assinada<\/h2>\n\n\n\n<p>O n\u00famero de empregados com carteira de trabalho assinada no setor privado, sem incluir trabalhadores dom\u00e9sticos, chegou a 33,4 milh\u00f5es, crescimento de 1,1%, ou seja, mais 378 mil pessoas com carteira assinada em rela\u00e7\u00e3o ao trimestre anterior e 1,6%, mais 516 mil pessoas, ante o mesmo trimestre de 2018. A categoria dos empregados sem carteira de trabalho assinada no setor privado, de 11,8 milh\u00f5es de pessoas, ficou estatisticamente est\u00e1vel em ambas as compara\u00e7\u00f5es.<\/p>\n\n\n\n<p>Segundo Adriana Beringuy, o aumento dos trabalhadores com carteira assinada foi impulsionado pelas contrata\u00e7\u00f5es no com\u00e9rcio. \u201cO com\u00e9rcio teve uma contrata\u00e7\u00e3o importante no trimestre que se encerrou em novembro. Esta \u00e9 uma \u00e9poca em que esse setor costuma contratar mais em virtude das datas festivas\u201d.<\/p>\n\n\n\n<p>De acordo com o IBGE, \u201co n\u00famero de trabalhadores por conta pr\u00f3pria, novo recorde na s\u00e9rie hist\u00f3rica, chegou a 24,6 milh\u00f5es de pessoas, e cresceu nas duas compara\u00e7\u00f5es: 1,2% (mais 303 mil pessoas) frente ao trimestre m\u00f3vel anterior e 3,6% (mais 861 mil pessoas) em rela\u00e7\u00e3o ao mesmo per\u00edodo de 2018\u201d.<\/p>\n\n\n\n<p>O rendimento m\u00e9dio real habitual de R$ 2.332 no trimestre terminado em novembro de 2019 n\u00e3o teve varia\u00e7\u00e3o significativa em nenhuma das compara\u00e7\u00f5es.<\/p>\n\n\n\n<p>A pesquisa tamb\u00e9m indica que 65,1 milh\u00f5es de pessoas n\u00e3o est\u00e3o trabalhando, nem procurando trabalho. Esse dado mostra estabilidade tanto em rela\u00e7\u00e3o ao trimestre de junho a agosto de 2019 quanto em rela\u00e7\u00e3o ao mesmo trimestre de 2018.<\/p>\n","protected":false},"excerpt":{"rendered":"<p>A taxa de desocupa\u00e7\u00e3o no pa\u00eds fechou o trimestre encerrado em novembro em 11,2%, segundo a Pesquisa Nacional por Amostra de Domic\u00edlios Cont\u00ednua (Pnad Cont\u00ednua),&hellip; <\/p>\n","protected":false},"author":1,"featured_media":90465,"comment_status":"closed","ping_status":"closed","sticky":false,"template":"","format":"standard","meta":{"sfsi_plus_gutenberg_text_before_share":"","sfsi_plus_gutenberg_show_text_before_share":"","sfsi_plus_gutenberg_icon_type":"","sfsi_plus_gutenberg_icon_alignemt":"","sfsi_plus_gutenburg_max_per_row":"","footnotes":""},"categories":[2],"tags":[],"class_list":["post-143396","post","type-post","status-publish","format-standard","has-post-thumbnail","hentry","category-geral"],"_links":{"self":[{"href":"https:\/\/www.caririemacao.com\/1\/wp-json\/wp\/v2\/posts\/143396","targetHints":{"allow":["GET"]}}],"collection":[{"href":"https:\/\/www.caririemacao.com\/1\/wp-json\/wp\/v2\/posts"}],"about":[{"href":"https:\/\/www.caririemacao.com\/1\/wp-json\/wp\/v2\/types\/post"}],"author":[{"embeddable":true,"href":"https:\/\/www.caririemacao.com\/1\/wp-json\/wp\/v2\/users\/1"}],"replies":[{"embeddable":true,"href":"https:\/\/www.caririemacao.com\/1\/wp-json\/wp\/v2\/comments?post=143396"}],"version-history":[{"count":1,"href":"https:\/\/www.caririemacao.com\/1\/wp-json\/wp\/v2\/posts\/143396\/revisions"}],"predecessor-version":[{"id":143397,"href":"https:\/\/www.caririemacao.com\/1\/wp-json\/wp\/v2\/posts\/143396\/revisions\/143397"}],"wp:featuredmedia":[{"embeddable":true,"href":"https:\/\/www.caririemacao.com\/1\/wp-json\/wp\/v2\/media\/90465"}],"wp:attachment":[{"href":"https:\/\/www.caririemacao.com\/1\/wp-json\/wp\/v2\/media?parent=143396"}],"wp:term":[{"taxonomy":"category","embeddable":true,"href":"https:\/\/www.caririemacao.com\/1\/wp-json\/wp\/v2\/categories?post=143396"},{"taxonomy":"post_tag","embeddable":true,"href":"https:\/\/www.caririemacao.com\/1\/wp-json\/wp\/v2\/tags?post=143396"}],"curies":[{"name":"wp","href":"https:\/\/api.w.org\/{rel}","templated":true}]}}