{"id":143412,"date":"2019-12-28T12:46:29","date_gmt":"2019-12-28T15:46:29","guid":{"rendered":"http:\/\/www.caririemacao.com\/1\/?p=143412"},"modified":"2019-12-28T12:46:29","modified_gmt":"2019-12-28T15:46:29","slug":"bandidos-invadem-forum-de-juazeirinho-e-roubam-varios-objetos-e-equipamentos","status":"publish","type":"post","link":"https:\/\/www.caririemacao.com\/1\/2019\/12\/28\/bandidos-invadem-forum-de-juazeirinho-e-roubam-varios-objetos-e-equipamentos\/","title":{"rendered":"Bandidos invadem f\u00f3rum de Juazeirinho e roubam v\u00e1rios objetos e equipamentos"},"content":{"rendered":"\n<p>O F\u00f3rum Desembargador Evandro de Sousa Neves, em Juazeirinho, foi invadido e assaltado, na sexta-feira (27), por homens armados que levaram do im\u00f3vel v\u00e1rios aparelhos de Tvs e outros equipamentos.<\/p>\n\n\n\n<p>O assalto aconteceu por volta das 22h e o F\u00f3rum fica na avenida Juiz Federal Genival Matias, no centro da cidade.<\/p>\n\n\n\n<p>A pol\u00edcia soube que o vigilante do F\u00f3rum estava conversando com o amigo, quando foram surpreendidos e rendidos por dois homens, armados. Uma deles estava com uma pistola e o outro com um rev\u00f3lver. Os assaltantes estavam acompanhados de duas mulheres.<\/p>\n\n\n\n<p>A a\u00e7\u00e3o criminosa durou aproximadamente 20 minutos e os bandidos fugiram levando, al\u00e9m dos produtos que encontraram no f\u00f3rum, alguns pertences do amigo do vigilante, entre eles um aparelho celular.<\/p>\n\n\n\n<p>O vigilante confidenciou aos policiais que a dupla queria armas e drogas, mas como n\u00e3o encontrou, pegou equipamentos eletr\u00f4nicos, al\u00e9m de outros objetos. O profissional de seguran\u00e7a e o amigo foram obrigados a ficar dentro do almoxarifado at\u00e9 que os assaltantes sa\u00edssem do local.<\/p>\n\n\n\n<p><em>Informa\u00e7\u00f5es Para\u00edba.com<\/em><\/p>\n","protected":false},"excerpt":{"rendered":"<p>O F\u00f3rum Desembargador Evandro de Sousa Neves, em Juazeirinho, foi invadido e assaltado, na sexta-feira (27), por homens armados que levaram do im\u00f3vel v\u00e1rios aparelhos&hellip; <\/p>\n","protected":false},"author":1,"featured_media":143413,"comment_status":"closed","ping_status":"closed","sticky":false,"template":"","format":"standard","meta":{"sfsi_plus_gutenberg_text_before_share":"","sfsi_plus_gutenberg_show_text_before_share":"","sfsi_plus_gutenberg_icon_type":"","sfsi_plus_gutenberg_icon_alignemt":"","sfsi_plus_gutenburg_max_per_row":"","footnotes":""},"categories":[50,12],"tags":[],"class_list":["post-143412","post","type-post","status-publish","format-standard","has-post-thumbnail","hentry","category-destaque","category-policia"],"_links":{"self":[{"href":"https:\/\/www.caririemacao.com\/1\/wp-json\/wp\/v2\/posts\/143412","targetHints":{"allow":["GET"]}}],"collection":[{"href":"https:\/\/www.caririemacao.com\/1\/wp-json\/wp\/v2\/posts"}],"about":[{"href":"https:\/\/www.caririemacao.com\/1\/wp-json\/wp\/v2\/types\/post"}],"author":[{"embeddable":true,"href":"https:\/\/www.caririemacao.com\/1\/wp-json\/wp\/v2\/users\/1"}],"replies":[{"embeddable":true,"href":"https:\/\/www.caririemacao.com\/1\/wp-json\/wp\/v2\/comments?post=143412"}],"version-history":[{"count":1,"href":"https:\/\/www.caririemacao.com\/1\/wp-json\/wp\/v2\/posts\/143412\/revisions"}],"predecessor-version":[{"id":143414,"href":"https:\/\/www.caririemacao.com\/1\/wp-json\/wp\/v2\/posts\/143412\/revisions\/143414"}],"wp:featuredmedia":[{"embeddable":true,"href":"https:\/\/www.caririemacao.com\/1\/wp-json\/wp\/v2\/media\/143413"}],"wp:attachment":[{"href":"https:\/\/www.caririemacao.com\/1\/wp-json\/wp\/v2\/media?parent=143412"}],"wp:term":[{"taxonomy":"category","embeddable":true,"href":"https:\/\/www.caririemacao.com\/1\/wp-json\/wp\/v2\/categories?post=143412"},{"taxonomy":"post_tag","embeddable":true,"href":"https:\/\/www.caririemacao.com\/1\/wp-json\/wp\/v2\/tags?post=143412"}],"curies":[{"name":"wp","href":"https:\/\/api.w.org\/{rel}","templated":true}]}}