{"id":143417,"date":"2019-12-28T13:08:33","date_gmt":"2019-12-28T16:08:33","guid":{"rendered":"http:\/\/www.caririemacao.com\/1\/?p=143417"},"modified":"2019-12-28T13:08:33","modified_gmt":"2019-12-28T16:08:33","slug":"michelle-bolsonaro-passa-por-cirurgia-e-nao-viaja-com-o-presidente-para-festas-de-fim-de-ano","status":"publish","type":"post","link":"https:\/\/www.caririemacao.com\/1\/2019\/12\/28\/michelle-bolsonaro-passa-por-cirurgia-e-nao-viaja-com-o-presidente-para-festas-de-fim-de-ano\/","title":{"rendered":"Michelle Bolsonaro passa por cirurgia e n\u00e3o viaja com o presidente para festas de fim de ano"},"content":{"rendered":"\n<p>A primeira-dama Michelle Bolsonaro deve passar por uma cirurgia nos pr\u00f3ximos dias e n\u00e3o viajou nesta sexta-feira (27) com o marido, Jair Bolsonaro, e a filha, Laura, para as festas de fim de ano.<\/p>\n\n\n\n<p>\u201cN\u00e3o \u00e9 grave\u201d, disse Michelle ao ser questionada por jornalista na entrada do Pal\u00e1cio da Alvorada, onde se dirigiu para cumprimentar apoiadores de Bolsonaro.<\/p>\n\n\n\n<p>O an\u00fancio da cirurgia foi feito mais cedo pelo pr\u00f3prio Bolsonaro ao afirmar que a esposa n\u00e3o viajaria com a fam\u00edlia para a Base Naval de Aratu, em Lauro de Freitas, na Bahia, onde ele passar\u00e1 o reveillon e ficar\u00e1 hospedado at\u00e9 o dia 5 de janeiro.<\/p>\n\n\n\n<p>\u201cN\u00e3o [Michelle n\u00e3o vai \u00e0 Bahia], ela est\u00e1 com um problema de\u2026 Problema n\u00e3o, vai fazer uma, talvez uma cirurgia nesses dias a\u00ed\u201d, disse.<\/p>\n","protected":false},"excerpt":{"rendered":"<p>A primeira-dama Michelle Bolsonaro deve passar por uma cirurgia nos pr\u00f3ximos dias e n\u00e3o viajou nesta sexta-feira (27) com o marido, Jair Bolsonaro, e a&hellip; <\/p>\n","protected":false},"author":1,"featured_media":143418,"comment_status":"closed","ping_status":"closed","sticky":false,"template":"","format":"standard","meta":{"sfsi_plus_gutenberg_text_before_share":"","sfsi_plus_gutenberg_show_text_before_share":"","sfsi_plus_gutenberg_icon_type":"","sfsi_plus_gutenberg_icon_alignemt":"","sfsi_plus_gutenburg_max_per_row":"","footnotes":""},"categories":[11],"tags":[],"class_list":["post-143417","post","type-post","status-publish","format-standard","has-post-thumbnail","hentry","category-politica"],"_links":{"self":[{"href":"https:\/\/www.caririemacao.com\/1\/wp-json\/wp\/v2\/posts\/143417","targetHints":{"allow":["GET"]}}],"collection":[{"href":"https:\/\/www.caririemacao.com\/1\/wp-json\/wp\/v2\/posts"}],"about":[{"href":"https:\/\/www.caririemacao.com\/1\/wp-json\/wp\/v2\/types\/post"}],"author":[{"embeddable":true,"href":"https:\/\/www.caririemacao.com\/1\/wp-json\/wp\/v2\/users\/1"}],"replies":[{"embeddable":true,"href":"https:\/\/www.caririemacao.com\/1\/wp-json\/wp\/v2\/comments?post=143417"}],"version-history":[{"count":1,"href":"https:\/\/www.caririemacao.com\/1\/wp-json\/wp\/v2\/posts\/143417\/revisions"}],"predecessor-version":[{"id":143419,"href":"https:\/\/www.caririemacao.com\/1\/wp-json\/wp\/v2\/posts\/143417\/revisions\/143419"}],"wp:featuredmedia":[{"embeddable":true,"href":"https:\/\/www.caririemacao.com\/1\/wp-json\/wp\/v2\/media\/143418"}],"wp:attachment":[{"href":"https:\/\/www.caririemacao.com\/1\/wp-json\/wp\/v2\/media?parent=143417"}],"wp:term":[{"taxonomy":"category","embeddable":true,"href":"https:\/\/www.caririemacao.com\/1\/wp-json\/wp\/v2\/categories?post=143417"},{"taxonomy":"post_tag","embeddable":true,"href":"https:\/\/www.caririemacao.com\/1\/wp-json\/wp\/v2\/tags?post=143417"}],"curies":[{"name":"wp","href":"https:\/\/api.w.org\/{rel}","templated":true}]}}