{"id":143426,"date":"2019-12-28T13:14:05","date_gmt":"2019-12-28T16:14:05","guid":{"rendered":"http:\/\/www.caririemacao.com\/1\/?p=143426"},"modified":"2019-12-28T13:14:05","modified_gmt":"2019-12-28T16:14:05","slug":"portal-unico-do-governo-passa-a-oferecer-aplicativo-do-enem","status":"publish","type":"post","link":"https:\/\/www.caririemacao.com\/1\/2019\/12\/28\/portal-unico-do-governo-passa-a-oferecer-aplicativo-do-enem\/","title":{"rendered":"Portal \u00fanico do governo passa a oferecer aplicativo do Enem"},"content":{"rendered":"\n<p><br> Os aplicativos desenvolvidos pelo Instituto Nacional de Estudos e Pesquisas Educacionais An\u00edsio Teixeira (Inep) passaram a integrar a plataforma de unifica\u00e7\u00e3o de servi\u00e7os digitais do Governo Federal, o<a rel=\"noreferrer noopener\" href=\"https:\/\/www.gov.br\/pt-br\" target=\"_blank\">\u00a0gov.br<\/a>. Para estudantes que visam entrar em universidades p\u00fablicas, o aplicativo do Exame Nacional do Ensino M\u00e9dio (Enem), importante para acompanhar o andamento do processo seletivo, estar\u00e1 dispon\u00edvel para usu\u00e1rios do portal.<\/p>\n\n\n\n<p>Criada em abril de 2019, a plataforma funciona como um agregador de todos os apps desenvolvidos no \u00e2mbito da administra\u00e7\u00e3o p\u00fablica. Minist\u00e9rios, secretarias, institutos e ag\u00eancias fiscalizadoras que possuem atendimento ao cidad\u00e3o fazem parte do servi\u00e7o. A ideia \u00e9 digitalizar parte dos atendimentos que acontecem nesses \u00f3rg\u00e3os, agilizar o atendimento e diminuir a burocracia e as filas de espera.<\/p>\n\n\n\n<p>Outros cinco aplicativos do Inep tamb\u00e9m passam a integrar a lista. Avalia\u00e7\u00e3o&nbsp;<em>in loco<\/em>, Rede Nacional de Certificadores (RNC), Sistema Integrado de Gest\u00e3o de Ativos de Seguran\u00e7a (Sigas), Banco Internacional de Pares Evaluadores (Bipe) e Censo Localiza est\u00e3o dispon\u00edveis no portal.<\/p>\n\n\n\n<p>De acordo com o texto do decreto que instituiu a cria\u00e7\u00e3o do portal&nbsp;<a href=\"https:\/\/www.gov.br\/pt-br\" target=\"_blank\" rel=\"noreferrer noopener\">gov.br<\/a>, todos os \u00f3rg\u00e3os da administra\u00e7\u00e3o p\u00fablica que oferecem servi\u00e7os ter\u00e3o at\u00e9 31 de dezembro de 2020 para fazer a adapta\u00e7\u00e3o do atendimento para uma vers\u00e3o digital, que tamb\u00e9m integrar\u00e1 a lista de aplicativos dispon\u00edveis no portal.<\/p>\n","protected":false},"excerpt":{"rendered":"<p>Os aplicativos desenvolvidos pelo Instituto Nacional de Estudos e Pesquisas Educacionais An\u00edsio Teixeira (Inep) passaram a integrar a plataforma de unifica\u00e7\u00e3o de servi\u00e7os digitais do&hellip; <\/p>\n","protected":false},"author":1,"featured_media":127083,"comment_status":"closed","ping_status":"closed","sticky":false,"template":"","format":"standard","meta":{"sfsi_plus_gutenberg_text_before_share":"","sfsi_plus_gutenberg_show_text_before_share":"","sfsi_plus_gutenberg_icon_type":"","sfsi_plus_gutenberg_icon_alignemt":"","sfsi_plus_gutenburg_max_per_row":"","footnotes":""},"categories":[14],"tags":[],"class_list":["post-143426","post","type-post","status-publish","format-standard","has-post-thumbnail","hentry","category-educacao"],"_links":{"self":[{"href":"https:\/\/www.caririemacao.com\/1\/wp-json\/wp\/v2\/posts\/143426","targetHints":{"allow":["GET"]}}],"collection":[{"href":"https:\/\/www.caririemacao.com\/1\/wp-json\/wp\/v2\/posts"}],"about":[{"href":"https:\/\/www.caririemacao.com\/1\/wp-json\/wp\/v2\/types\/post"}],"author":[{"embeddable":true,"href":"https:\/\/www.caririemacao.com\/1\/wp-json\/wp\/v2\/users\/1"}],"replies":[{"embeddable":true,"href":"https:\/\/www.caririemacao.com\/1\/wp-json\/wp\/v2\/comments?post=143426"}],"version-history":[{"count":1,"href":"https:\/\/www.caririemacao.com\/1\/wp-json\/wp\/v2\/posts\/143426\/revisions"}],"predecessor-version":[{"id":143427,"href":"https:\/\/www.caririemacao.com\/1\/wp-json\/wp\/v2\/posts\/143426\/revisions\/143427"}],"wp:featuredmedia":[{"embeddable":true,"href":"https:\/\/www.caririemacao.com\/1\/wp-json\/wp\/v2\/media\/127083"}],"wp:attachment":[{"href":"https:\/\/www.caririemacao.com\/1\/wp-json\/wp\/v2\/media?parent=143426"}],"wp:term":[{"taxonomy":"category","embeddable":true,"href":"https:\/\/www.caririemacao.com\/1\/wp-json\/wp\/v2\/categories?post=143426"},{"taxonomy":"post_tag","embeddable":true,"href":"https:\/\/www.caririemacao.com\/1\/wp-json\/wp\/v2\/tags?post=143426"}],"curies":[{"name":"wp","href":"https:\/\/api.w.org\/{rel}","templated":true}]}}