{"id":143430,"date":"2019-12-28T13:17:43","date_gmt":"2019-12-28T16:17:43","guid":{"rendered":"http:\/\/www.caririemacao.com\/1\/?p=143430"},"modified":"2019-12-28T13:17:43","modified_gmt":"2019-12-28T16:17:43","slug":"brasil-e-israel-assinam-acordo-de-combate-ao-crime-organizado","status":"publish","type":"post","link":"https:\/\/www.caririemacao.com\/1\/2019\/12\/28\/brasil-e-israel-assinam-acordo-de-combate-ao-crime-organizado\/","title":{"rendered":"Brasil e Israel assinam acordo de combate ao crime organizado"},"content":{"rendered":"\n<h1 class=\"wp-block-heading\"><\/h1>\n\n\n\n<p><br>O Brasil vai ratificar um acordo que cria mais uma parceria com Israel,&nbsp;<a href=\"http:\/\/agenciabrasil.ebc.com.br\/politica\/noticia\/2019-03\/proximo-destino-de-bolsonaro-israel-e-pais-prioritario-para-o-governo\" target=\"_blank\" rel=\"noreferrer noopener\">aliado<\/a>&nbsp;priorit\u00e1rio do governo desde o in\u00edcio de 2019. Desta vez, o foco \u00e9 o combate \u00e0 corrup\u00e7\u00e3o e ao crime organizado. O acordo ser\u00e1 publicado no&nbsp;<em>Di\u00e1rio Oficial da Uni\u00e3o<\/em>&nbsp;na pr\u00f3xima segunda-feira (30), e prev\u00ea pontos importantes de coopera\u00e7\u00e3o internacional e troca de conhecimentos.<\/p>\n\n\n\n<p>De acordo com nota publicada pelo Minist\u00e9rio das Rela\u00e7\u00f5es Exteriores (MRE), \u00f3rg\u00e3os de seguran\u00e7a p\u00fablica dos dois pa\u00edses far\u00e3o interc\u00e2mbio de experi\u00eancias sobre crimes internacionais que, para serem combatidos de maneira eficaz, necessitam de mecanismos modernos de troca de informa\u00e7\u00f5es. Tr\u00e1fico de pessoas, tr\u00e1fico de armas de fogo, muni\u00e7\u00e3o e explosivos, terrorismo e maneiras de financiar atividades terroristas entram na lista de \u00e1reas de conhecimento que devem ser exploradas na parceria.<\/p>\n\n\n\n<p>O presidente Jair Bolsonaro j\u00e1 havia sinalizado, no in\u00edcio do ano, que fortaleceria os la\u00e7os de parceria com Israel nas \u00e1reas de ci\u00eancias, tecnologia e seguran\u00e7a p\u00fablica. O presidente chegou a&nbsp;<a href=\"http:\/\/agenciabrasil.ebc.com.br\/internacional\/noticia\/2019-03\/bolsonaro-embarca-para-israel-onde-fara-visita-oficial-de-tres-dias\" target=\"_blank\" rel=\"noreferrer noopener\">visitar o pa\u00eds<\/a>&nbsp;no primeiro semestre de 2019 e contou com o&nbsp;<a href=\"http:\/\/agenciabrasil.ebc.com.br\/geral\/noticia\/2019-01\/jair-bolsonaro-negocia-ajuda-com-israel-para-busca-de-desaparecidos\" target=\"_blank\" rel=\"noreferrer noopener\">aux\u00edlio do governo de Israel<\/a>&nbsp;ap\u00f3s o rompimento da barragem em Brumadinho, em janeiro. O Brasil estreitou a parceria tamb\u00e9m ao inaugurar um&nbsp;<a href=\"http:\/\/agenciabrasil.ebc.com.br\/internacional\/noticia\/2019-12\/bolsonaro-sinaliza-desejo-de-transferir-embaixada-do-brasil-em-israel\" target=\"_blank\" rel=\"noreferrer noopener\">escrit\u00f3rio em Jerusal\u00e9m<\/a>&nbsp;para fortalecer o v\u00ednculo entre os dois pa\u00edses.<\/p>\n\n\n\n<p><\/p>\n","protected":false},"excerpt":{"rendered":"<p>O Brasil vai ratificar um acordo que cria mais uma parceria com Israel,&nbsp;aliado&nbsp;priorit\u00e1rio do governo desde o in\u00edcio de 2019. Desta vez, o foco \u00e9&hellip; <\/p>\n","protected":false},"author":1,"featured_media":104562,"comment_status":"closed","ping_status":"closed","sticky":false,"template":"","format":"standard","meta":{"sfsi_plus_gutenberg_text_before_share":"","sfsi_plus_gutenberg_show_text_before_share":"","sfsi_plus_gutenberg_icon_type":"","sfsi_plus_gutenberg_icon_alignemt":"","sfsi_plus_gutenburg_max_per_row":"","footnotes":""},"categories":[2],"tags":[],"class_list":["post-143430","post","type-post","status-publish","format-standard","has-post-thumbnail","hentry","category-geral"],"_links":{"self":[{"href":"https:\/\/www.caririemacao.com\/1\/wp-json\/wp\/v2\/posts\/143430","targetHints":{"allow":["GET"]}}],"collection":[{"href":"https:\/\/www.caririemacao.com\/1\/wp-json\/wp\/v2\/posts"}],"about":[{"href":"https:\/\/www.caririemacao.com\/1\/wp-json\/wp\/v2\/types\/post"}],"author":[{"embeddable":true,"href":"https:\/\/www.caririemacao.com\/1\/wp-json\/wp\/v2\/users\/1"}],"replies":[{"embeddable":true,"href":"https:\/\/www.caririemacao.com\/1\/wp-json\/wp\/v2\/comments?post=143430"}],"version-history":[{"count":1,"href":"https:\/\/www.caririemacao.com\/1\/wp-json\/wp\/v2\/posts\/143430\/revisions"}],"predecessor-version":[{"id":143432,"href":"https:\/\/www.caririemacao.com\/1\/wp-json\/wp\/v2\/posts\/143430\/revisions\/143432"}],"wp:featuredmedia":[{"embeddable":true,"href":"https:\/\/www.caririemacao.com\/1\/wp-json\/wp\/v2\/media\/104562"}],"wp:attachment":[{"href":"https:\/\/www.caririemacao.com\/1\/wp-json\/wp\/v2\/media?parent=143430"}],"wp:term":[{"taxonomy":"category","embeddable":true,"href":"https:\/\/www.caririemacao.com\/1\/wp-json\/wp\/v2\/categories?post=143430"},{"taxonomy":"post_tag","embeddable":true,"href":"https:\/\/www.caririemacao.com\/1\/wp-json\/wp\/v2\/tags?post=143430"}],"curies":[{"name":"wp","href":"https:\/\/api.w.org\/{rel}","templated":true}]}}