{"id":143450,"date":"2019-12-28T14:40:21","date_gmt":"2019-12-28T17:40:21","guid":{"rendered":"http:\/\/www.caririemacao.com\/1\/?p=143450"},"modified":"2019-12-28T14:40:21","modified_gmt":"2019-12-28T17:40:21","slug":"bolsonaro-ha-quanto-tempo-a-gente-nao-faz-um-bom-filme-no-pais","status":"publish","type":"post","link":"https:\/\/www.caririemacao.com\/1\/2019\/12\/28\/bolsonaro-ha-quanto-tempo-a-gente-nao-faz-um-bom-filme-no-pais\/","title":{"rendered":"Bolsonaro: \u201cH\u00e1 quanto tempo a gente n\u00e3o faz um bom filme no pa\u00eds?"},"content":{"rendered":"\n<p>O presidente Jair Bolsonaro (sem partido) questionou na \u00faltima quinta-feira (26) a qualidade da atual produ\u00e7\u00e3o audiovisual brasileira e ressaltou que a chamada Cota de Tela pode ser zerada com a melhora dos filmes nacionais.<\/p>\n\n\n\n<p>Nesta semana, o presidente renovou a Cota de Tela, medida que estabelece um n\u00famero m\u00ednimo de filmes nacionais que devem ser exibidos pelas salas de cinema. A iniciativa evita que filmes estrangeiros fa\u00e7am ocupa\u00e7\u00f5es predat\u00f3rias.<\/p>\n\n\n\n<p>Em live nas redes sociais, Bolsonaro defendeu que sejam feitas no Brasil produ\u00e7\u00f5es que interessem a popula\u00e7\u00e3o como um todo, \u201ce n\u00e3o as minorias\u201d. E defendeu uma diminui\u00e7\u00e3o gradual da Cota de Telas.<\/p>\n\n\n\n<p>\u201cObviamente que, fazendo bons filmes, n\u00e3o vamos precisar de cota mais. H\u00e1 quanto tempo a gente n\u00e3o faz um bom filme, n\u00e3o \u00e9?\u201d, perguntou. \u201cVamos fazer filmes da hist\u00f3ria do Brasil, da nossa cultura e arte, que interessa a popula\u00e7\u00e3o como um todo e n\u00e3o as minorias\u201d, acrescentou.<\/p>\n\n\n\n<figure class=\"wp-block-image\"><img decoding=\"async\" data-src=\"https:\/\/paraibaonline.com.br\/wp-content\/uploads\/2019\/12\/bolsonaro-atual-1-567x398.jpg\" alt=\"Foto: Antonio Cruz\/Ag\u00eancia Brasil\" class=\"wp-image-827914 lazyload\" src=\"data:image\/svg+xml;base64,PHN2ZyB3aWR0aD0iMSIgaGVpZ2h0PSIxIiB4bWxucz0iaHR0cDovL3d3dy53My5vcmcvMjAwMC9zdmciPjwvc3ZnPg==\" style=\"--smush-placeholder-width: 567px; --smush-placeholder-aspect-ratio: 567\/398;\" \/><\/figure>\n\n\n\n<p>Foto: Antonio Cruz\/Ag\u00eancia Brasil<\/p>\n\n\n\n<p>Apesar da cr\u00edtica do presidente, o cinema nacional teve reconhecimento internacional neste ano. Em maio, o Festival de Cannes, o mais importante do mundo, concedeu trof\u00e9us in\u00e9ditos a \u201cBacurau\u201d, de Kleber Mendon\u00e7a Filho e Juliano Dornelles, e a \u201cA Vida Invis\u00edvel\u201d, de Karim A\u00efnouz.<\/p>\n\n\n\n<p>Muitos analistas creditam esse florescimento a uma s\u00e9rie de pol\u00edticas p\u00fablicas implementadas no pa\u00eds a partir dos anos 1990, depois do \u201capag\u00e3o\u201d da produ\u00e7\u00e3o nacional durante o governo de Fernando Collor, e que est\u00e3o novamente em risco na atual gest\u00e3o.<\/p>\n\n\n\n<p>Ainda na live, Bolsonaro pregou que, a partir de agora, n\u00e3o cabe \u00e0 ind\u00fastria nacional fazer filmes que abordem a \u201cquest\u00e3o da ideologia\u201d e defendeu uma releitura do per\u00edodo da ditadura militar. Na avalia\u00e7\u00e3o dele, as produ\u00e7\u00f5es sobre o assunto tinham \u201cmentiras\u201d sobre o passado.<\/p>\n\n\n\n<p>\u201cOs filmes que estamos fazendo a partir de agora n\u00e3o vai ter mais a quest\u00e3o de ideologia, aquelas mentiras todas de hist\u00f3rias passadas, falando do per\u00edodo de 1964 a 1985. \u00c9 sempre fazendo a cabe\u00e7a da popula\u00e7\u00e3o como se esse pessoal da esquerda foi o mais puro, \u00e9tico e moral do mundo. E o resto como se fosse o resto\u201d, afirmou.<\/p>\n\n\n\n<p>Sobre a destina\u00e7\u00e3o de recursos para produ\u00e7\u00f5es nacionais, o presidente disse que n\u00e3o est\u00e1 \u201ccensurando nada\u201d, mas defendeu que n\u00e3o se use mais recursos p\u00fablicos para a pe\u00e7as de audiovisual.<\/p>\n","protected":false},"excerpt":{"rendered":"<p>O presidente Jair Bolsonaro (sem partido) questionou na \u00faltima quinta-feira (26) a qualidade da atual produ\u00e7\u00e3o audiovisual brasileira e ressaltou que a chamada Cota de&hellip; <\/p>\n","protected":false},"author":1,"featured_media":139436,"comment_status":"closed","ping_status":"closed","sticky":false,"template":"","format":"standard","meta":{"sfsi_plus_gutenberg_text_before_share":"","sfsi_plus_gutenberg_show_text_before_share":"","sfsi_plus_gutenberg_icon_type":"","sfsi_plus_gutenberg_icon_alignemt":"","sfsi_plus_gutenburg_max_per_row":"","footnotes":""},"categories":[50,11],"tags":[],"class_list":["post-143450","post","type-post","status-publish","format-standard","has-post-thumbnail","hentry","category-destaque","category-politica"],"_links":{"self":[{"href":"https:\/\/www.caririemacao.com\/1\/wp-json\/wp\/v2\/posts\/143450","targetHints":{"allow":["GET"]}}],"collection":[{"href":"https:\/\/www.caririemacao.com\/1\/wp-json\/wp\/v2\/posts"}],"about":[{"href":"https:\/\/www.caririemacao.com\/1\/wp-json\/wp\/v2\/types\/post"}],"author":[{"embeddable":true,"href":"https:\/\/www.caririemacao.com\/1\/wp-json\/wp\/v2\/users\/1"}],"replies":[{"embeddable":true,"href":"https:\/\/www.caririemacao.com\/1\/wp-json\/wp\/v2\/comments?post=143450"}],"version-history":[{"count":1,"href":"https:\/\/www.caririemacao.com\/1\/wp-json\/wp\/v2\/posts\/143450\/revisions"}],"predecessor-version":[{"id":143451,"href":"https:\/\/www.caririemacao.com\/1\/wp-json\/wp\/v2\/posts\/143450\/revisions\/143451"}],"wp:featuredmedia":[{"embeddable":true,"href":"https:\/\/www.caririemacao.com\/1\/wp-json\/wp\/v2\/media\/139436"}],"wp:attachment":[{"href":"https:\/\/www.caririemacao.com\/1\/wp-json\/wp\/v2\/media?parent=143450"}],"wp:term":[{"taxonomy":"category","embeddable":true,"href":"https:\/\/www.caririemacao.com\/1\/wp-json\/wp\/v2\/categories?post=143450"},{"taxonomy":"post_tag","embeddable":true,"href":"https:\/\/www.caririemacao.com\/1\/wp-json\/wp\/v2\/tags?post=143450"}],"curies":[{"name":"wp","href":"https:\/\/api.w.org\/{rel}","templated":true}]}}