{"id":143455,"date":"2019-12-28T15:16:42","date_gmt":"2019-12-28T18:16:42","guid":{"rendered":"http:\/\/www.caririemacao.com\/1\/?p=143455"},"modified":"2019-12-28T15:16:42","modified_gmt":"2019-12-28T18:16:42","slug":"detran-pb-divulga-calendario-do-licenciamento-de-veiculos-para-2020","status":"publish","type":"post","link":"https:\/\/www.caririemacao.com\/1\/2019\/12\/28\/detran-pb-divulga-calendario-do-licenciamento-de-veiculos-para-2020\/","title":{"rendered":"Detran-PB divulga calend\u00e1rio do licenciamento de ve\u00edculos para 2020"},"content":{"rendered":"\n<p>A dire\u00e7\u00e3o do Departamento Estadual de Tr\u00e2nsito (Detran-PB) divulgou neste s\u00e1bado (28) o Calend\u00e1rio de Licenciamento Anual de Ve\u00edculos para o exerc\u00edcio de 2020, de acordo com Portaria N\u00ba 487, de 26 de dezembro de 2019.<\/p>\n\n\n\n<p>&nbsp;As taxas e multas da compet\u00eancia do \u00f3rg\u00e3o, correspondentes ao m\u00eas de emplacamento, dever\u00e3o ser pagas integralmente pelo usu\u00e1rio at\u00e9 a data limite da 3\u00aa parcela, com exce\u00e7\u00e3o dos casos de parcelamento ou isen\u00e7\u00e3o previstos em lei.<\/p>\n\n\n\n<p><strong>CALEND\u00c1RIO DE LICENCIAMENTO\/2020<\/strong><\/p>\n\n\n\n<table class=\"wp-block-table\"><tbody><tr><td><strong>Final de Placa<\/strong><\/td><td><strong>1\u00aa Parcela ou Cota \u00fanica do IPVA com redu\u00e7\u00e3o de 10%<\/strong><\/td><td><strong>2\u00aa Parcela<\/strong><\/td><td><strong>3\u00aa Parcela ou Cota \u00fanica do IPVA sem redu\u00e7\u00e3o + Licenciamento, Bombeiro, Seguro e Multa, se houver<\/strong><\/td><\/tr><tr><td>1<\/td><td>31 de janeiro<\/td><td>28 de fevereiro<\/td><td>31 de mar\u00e7o<\/td><\/tr><tr><td>2<\/td><td>28 de fevereiro<\/td><td>31 de mar\u00e7o<\/td><td>30 de abril<\/td><\/tr><tr><td>3<\/td><td>31 de mar\u00e7o<\/td><td>30 de abril<\/td><td>29 de maio<\/td><\/tr><tr><td>4<\/td><td>30 de abril<\/td><td>29 de maio<\/td><td>30 de junho<\/td><\/tr><tr><td>5<\/td><td>29 de maio<\/td><td>30 de junho<\/td><td>31 de julho<\/td><\/tr><tr><td>6<\/td><td>30 de junho<\/td><td>31 de julho<\/td><td>31 de agosto<\/td><\/tr><tr><td>7<\/td><td>31 de julho<\/td><td>31 de agosto<\/td><td>30 de setembro<\/td><\/tr><tr><td>8<\/td><td>31 de agosto<\/td><td>30 de setembro<\/td><td>30 de outubro<\/td><\/tr><tr><td>9<\/td><td>30 de setembro<\/td><td>30 de outubro<\/td><td>30 de novembro<\/td><\/tr><tr><td>0<\/td><td>30 de outubro<\/td><td>30 de novembro<\/td><td>29 de dezembro<\/td><\/tr><\/tbody><\/table>\n","protected":false},"excerpt":{"rendered":"<p>A dire\u00e7\u00e3o do Departamento Estadual de Tr\u00e2nsito (Detran-PB) divulgou neste s\u00e1bado (28) o Calend\u00e1rio de Licenciamento Anual de Ve\u00edculos para o exerc\u00edcio de 2020, de&hellip; <\/p>\n","protected":false},"author":1,"featured_media":43176,"comment_status":"closed","ping_status":"closed","sticky":false,"template":"","format":"standard","meta":{"sfsi_plus_gutenberg_text_before_share":"","sfsi_plus_gutenberg_show_text_before_share":"","sfsi_plus_gutenberg_icon_type":"","sfsi_plus_gutenberg_icon_alignemt":"","sfsi_plus_gutenburg_max_per_row":"","footnotes":""},"categories":[2],"tags":[],"class_list":["post-143455","post","type-post","status-publish","format-standard","has-post-thumbnail","hentry","category-geral"],"_links":{"self":[{"href":"https:\/\/www.caririemacao.com\/1\/wp-json\/wp\/v2\/posts\/143455","targetHints":{"allow":["GET"]}}],"collection":[{"href":"https:\/\/www.caririemacao.com\/1\/wp-json\/wp\/v2\/posts"}],"about":[{"href":"https:\/\/www.caririemacao.com\/1\/wp-json\/wp\/v2\/types\/post"}],"author":[{"embeddable":true,"href":"https:\/\/www.caririemacao.com\/1\/wp-json\/wp\/v2\/users\/1"}],"replies":[{"embeddable":true,"href":"https:\/\/www.caririemacao.com\/1\/wp-json\/wp\/v2\/comments?post=143455"}],"version-history":[{"count":1,"href":"https:\/\/www.caririemacao.com\/1\/wp-json\/wp\/v2\/posts\/143455\/revisions"}],"predecessor-version":[{"id":143457,"href":"https:\/\/www.caririemacao.com\/1\/wp-json\/wp\/v2\/posts\/143455\/revisions\/143457"}],"wp:featuredmedia":[{"embeddable":true,"href":"https:\/\/www.caririemacao.com\/1\/wp-json\/wp\/v2\/media\/43176"}],"wp:attachment":[{"href":"https:\/\/www.caririemacao.com\/1\/wp-json\/wp\/v2\/media?parent=143455"}],"wp:term":[{"taxonomy":"category","embeddable":true,"href":"https:\/\/www.caririemacao.com\/1\/wp-json\/wp\/v2\/categories?post=143455"},{"taxonomy":"post_tag","embeddable":true,"href":"https:\/\/www.caririemacao.com\/1\/wp-json\/wp\/v2\/tags?post=143455"}],"curies":[{"name":"wp","href":"https:\/\/api.w.org\/{rel}","templated":true}]}}