{"id":143469,"date":"2019-12-28T15:31:21","date_gmt":"2019-12-28T18:31:21","guid":{"rendered":"http:\/\/www.caririemacao.com\/1\/?p=143469"},"modified":"2019-12-28T15:31:21","modified_gmt":"2019-12-28T18:31:21","slug":"ufpb-oferta-49-vagas-para-mestrado-e-doutorado-em-musica","status":"publish","type":"post","link":"https:\/\/www.caririemacao.com\/1\/2019\/12\/28\/ufpb-oferta-49-vagas-para-mestrado-e-doutorado-em-musica\/","title":{"rendered":"UFPB oferta 49 vagas para mestrado e doutorado em M\u00fasica"},"content":{"rendered":"\n<p>O programa de P\u00f3s-Gradua\u00e7\u00e3o em M\u00fasica da Universidade Federal da Para\u00edba (UFPB) oferta\u00a034 vagas para curso de mestrado e 15 para de doutorado.\u00a0As inscri\u00e7\u00f5es devem ser realizadas pelo\u00a0<a href=\"https:\/\/sigaa.ufpb.br\/sigaa\/public\/processo_seletivo\/lista.jsf?aba=p-processo&amp;nivel=S\">Sistema Integrado de Gest\u00e3o Acad\u00eamica (Sigaa)<\/a>\u00a0da UFPB, no per\u00edodo de 9 a 13 de mar\u00e7o. A taxa \u00e9 de R$ 85,93.<\/p>\n\n\n\n<p>Do total de vagas oferecidas, 20% ser\u00e3o destinadas a candidatos autodeclarados ou oriundos da popula\u00e7\u00e3o negra, povos ind\u00edgenas, povos e comunidades tradicionais e pessoas com defici\u00eancia.<\/p>\n\n\n\n<p>Os projetos devem atender a uma destas cinco linhas de pesquisa: Processos e pr\u00e1ticas composicionais; Dimens\u00f5es te\u00f3ricas e pr\u00e1ticas da interpreta\u00e7\u00e3o musical; M\u00fasica, cultura e performance; Hist\u00f3ria, est\u00e9tica e fenomenologia da m\u00fasica; e Processos e pr\u00e1ticas educativo-musicais.<\/p>\n\n\n\n<p>Os processos seletivos consistir\u00e3o em quatro etapas: avalia\u00e7\u00e3o de pr\u00e9-projeto, avalia\u00e7\u00e3o de conhecimento de l\u00edngua estrangeira, prova pr\u00e1tica e an\u00e1lise de curr\u00edculo.&nbsp;O resultado final ser\u00e1 divulgado em 30 de junho, na&nbsp;<a href=\"http:\/\/www.ccta.ufpb.br\/ppgm\/contents\/noticias\/a-coordenacao-do-programa-de-pos-graduacao-em-musica-da-ufpb-divulga-os-editais-de-selecao-para-os-cursos-de-mestrado-e-doutorado-em-musica\">p\u00e1gina<\/a>&nbsp;do programa.<\/p>\n\n\n\n<p><strong>MaisPB<\/strong><\/p>\n","protected":false},"excerpt":{"rendered":"<p>O programa de P\u00f3s-Gradua\u00e7\u00e3o em M\u00fasica da Universidade Federal da Para\u00edba (UFPB) oferta\u00a034 vagas para curso de mestrado e 15 para de doutorado.\u00a0As inscri\u00e7\u00f5es devem&hellip; <\/p>\n","protected":false},"author":1,"featured_media":135491,"comment_status":"closed","ping_status":"closed","sticky":false,"template":"","format":"standard","meta":{"sfsi_plus_gutenberg_text_before_share":"","sfsi_plus_gutenberg_show_text_before_share":"","sfsi_plus_gutenberg_icon_type":"","sfsi_plus_gutenberg_icon_alignemt":"","sfsi_plus_gutenburg_max_per_row":"","footnotes":""},"categories":[50,2],"tags":[],"class_list":["post-143469","post","type-post","status-publish","format-standard","has-post-thumbnail","hentry","category-destaque","category-geral"],"_links":{"self":[{"href":"https:\/\/www.caririemacao.com\/1\/wp-json\/wp\/v2\/posts\/143469","targetHints":{"allow":["GET"]}}],"collection":[{"href":"https:\/\/www.caririemacao.com\/1\/wp-json\/wp\/v2\/posts"}],"about":[{"href":"https:\/\/www.caririemacao.com\/1\/wp-json\/wp\/v2\/types\/post"}],"author":[{"embeddable":true,"href":"https:\/\/www.caririemacao.com\/1\/wp-json\/wp\/v2\/users\/1"}],"replies":[{"embeddable":true,"href":"https:\/\/www.caririemacao.com\/1\/wp-json\/wp\/v2\/comments?post=143469"}],"version-history":[{"count":1,"href":"https:\/\/www.caririemacao.com\/1\/wp-json\/wp\/v2\/posts\/143469\/revisions"}],"predecessor-version":[{"id":143471,"href":"https:\/\/www.caririemacao.com\/1\/wp-json\/wp\/v2\/posts\/143469\/revisions\/143471"}],"wp:featuredmedia":[{"embeddable":true,"href":"https:\/\/www.caririemacao.com\/1\/wp-json\/wp\/v2\/media\/135491"}],"wp:attachment":[{"href":"https:\/\/www.caririemacao.com\/1\/wp-json\/wp\/v2\/media?parent=143469"}],"wp:term":[{"taxonomy":"category","embeddable":true,"href":"https:\/\/www.caririemacao.com\/1\/wp-json\/wp\/v2\/categories?post=143469"},{"taxonomy":"post_tag","embeddable":true,"href":"https:\/\/www.caririemacao.com\/1\/wp-json\/wp\/v2\/tags?post=143469"}],"curies":[{"name":"wp","href":"https:\/\/api.w.org\/{rel}","templated":true}]}}