{"id":143484,"date":"2019-12-29T08:03:45","date_gmt":"2019-12-29T11:03:45","guid":{"rendered":"http:\/\/www.caririemacao.com\/1\/?p=143484"},"modified":"2019-12-29T08:03:45","modified_gmt":"2019-12-29T11:03:45","slug":"bolsonaro-veta-projeto-de-lei-que-garante-incentivos-ao-cinema-nacional","status":"publish","type":"post","link":"https:\/\/www.caririemacao.com\/1\/2019\/12\/29\/bolsonaro-veta-projeto-de-lei-que-garante-incentivos-ao-cinema-nacional\/","title":{"rendered":"Bolsonaro veta projeto de lei que garante incentivos ao cinema nacional"},"content":{"rendered":"\n<p>Jair Bolsonaro vetou, na \u00edntegra, o projeto de lei que institui a prorroga\u00e7\u00e3o de benef\u00edcios fiscais concedidos pelo Recine (Regime Especial de Tributa\u00e7\u00e3o para Desenvolvimento da Atividade de Exibi\u00e7\u00e3o Cinematogr\u00e1fica) at\u00e9 31 de dezembro de 2024.<\/p>\n\n\n\n<p>O regime concede incentivos tribut\u00e1rios a empresas que operam em aquisi\u00e7\u00f5es do setor no mercado interno, importam com o objetivo de interiorizar ou modernizar salas de cinema e investem em obras nacionais independentes.<\/p>\n\n\n\n<p>A Presid\u00eancia justificou o veto por &#8220;raz\u00f5es de inconstitucionalidade&#8221;. O projeto vetado criaria despesas obrigat\u00f3rias ao Executivo sem que se tenha indicado a fonte de custeio e n\u00e3o teria apresentado impactos or\u00e7ament\u00e1rios, o que viola a Lei da Responsabilidade Fiscal e a Lei de Diretrizes Or\u00e7ament\u00e1rias para 2019, informou.<\/p>\n\n\n\n<p>No come\u00e7o de dezembro, o projeto de lei havia sido aprovado pela C\u00e2mara dos Deputados, contrariando as vontades do governo. Em seguida, no \u00faltimo dia 12, foi votado pelo Senado, que tamb\u00e9m deu sinal verde para a prorroga\u00e7\u00e3o dos benef\u00edcios.<\/p>\n\n\n\n<p>Os vetos feitos por Bolsonaro ainda ser\u00e3o analisados pelo Congresso Nacional, que pode derrub\u00e1-los.<\/p>\n\n\n\n<p>A negativa do governo federal para o projeto segue uma onda de ataques promovidas por Bolsonaro contra a produ\u00e7\u00e3o audiovisual brasileira. Na quinta (26), o presidente questionou a qualidade do cinema nacional. &#8220;H\u00e1 quanto tempo a gente n\u00e3o faz um bom filme, n\u00e3o \u00e9?&#8221;, disse ap\u00f3s renovar a Cota de Tela.<\/p>\n","protected":false},"excerpt":{"rendered":"<p>Jair Bolsonaro vetou, na \u00edntegra, o projeto de lei que institui a prorroga\u00e7\u00e3o de benef\u00edcios fiscais concedidos pelo Recine (Regime Especial de Tributa\u00e7\u00e3o para Desenvolvimento&hellip; <\/p>\n","protected":false},"author":1,"featured_media":143485,"comment_status":"closed","ping_status":"closed","sticky":false,"template":"","format":"standard","meta":{"sfsi_plus_gutenberg_text_before_share":"","sfsi_plus_gutenberg_show_text_before_share":"","sfsi_plus_gutenberg_icon_type":"","sfsi_plus_gutenberg_icon_alignemt":"","sfsi_plus_gutenburg_max_per_row":"","footnotes":""},"categories":[11],"tags":[],"class_list":["post-143484","post","type-post","status-publish","format-standard","has-post-thumbnail","hentry","category-politica"],"_links":{"self":[{"href":"https:\/\/www.caririemacao.com\/1\/wp-json\/wp\/v2\/posts\/143484","targetHints":{"allow":["GET"]}}],"collection":[{"href":"https:\/\/www.caririemacao.com\/1\/wp-json\/wp\/v2\/posts"}],"about":[{"href":"https:\/\/www.caririemacao.com\/1\/wp-json\/wp\/v2\/types\/post"}],"author":[{"embeddable":true,"href":"https:\/\/www.caririemacao.com\/1\/wp-json\/wp\/v2\/users\/1"}],"replies":[{"embeddable":true,"href":"https:\/\/www.caririemacao.com\/1\/wp-json\/wp\/v2\/comments?post=143484"}],"version-history":[{"count":1,"href":"https:\/\/www.caririemacao.com\/1\/wp-json\/wp\/v2\/posts\/143484\/revisions"}],"predecessor-version":[{"id":143486,"href":"https:\/\/www.caririemacao.com\/1\/wp-json\/wp\/v2\/posts\/143484\/revisions\/143486"}],"wp:featuredmedia":[{"embeddable":true,"href":"https:\/\/www.caririemacao.com\/1\/wp-json\/wp\/v2\/media\/143485"}],"wp:attachment":[{"href":"https:\/\/www.caririemacao.com\/1\/wp-json\/wp\/v2\/media?parent=143484"}],"wp:term":[{"taxonomy":"category","embeddable":true,"href":"https:\/\/www.caririemacao.com\/1\/wp-json\/wp\/v2\/categories?post=143484"},{"taxonomy":"post_tag","embeddable":true,"href":"https:\/\/www.caririemacao.com\/1\/wp-json\/wp\/v2\/tags?post=143484"}],"curies":[{"name":"wp","href":"https:\/\/api.w.org\/{rel}","templated":true}]}}