{"id":143491,"date":"2019-12-29T08:09:45","date_gmt":"2019-12-29T11:09:45","guid":{"rendered":"http:\/\/www.caririemacao.com\/1\/?p=143491"},"modified":"2019-12-29T08:09:45","modified_gmt":"2019-12-29T11:09:45","slug":"divorcio-podera-ter-efeito-retroativo-a-partir-de-2020","status":"publish","type":"post","link":"https:\/\/www.caririemacao.com\/1\/2019\/12\/29\/divorcio-podera-ter-efeito-retroativo-a-partir-de-2020\/","title":{"rendered":"Div\u00f3rcio poder\u00e1 ter efeito retroativo a partir de 2020"},"content":{"rendered":"\n<p>O Projeto de Lei&nbsp; 5463\/19 prev\u00ea efeitos retroativos para as senten\u00e7as que tratam de div\u00f3rcio e separa\u00e7\u00e3o e que tratam do reconhecimento de filhos. O texto insere dispositivos no&nbsp;C\u00f3digo de Processo Civil. Conforme a proposta, as senten\u00e7as que decretarem o div\u00f3rcio, a separa\u00e7\u00e3o judicial e o restabelecimento da sociedade conjugal retroagir\u00e3o \u00e0 data de propositura da a\u00e7\u00e3o. J\u00e1 as que declararem ou reconhecerem a filia\u00e7\u00e3o retroagir\u00e3o \u00e0 data do nascimento do filho.<\/p>\n\n\n\n<p>A proposta, em tramita\u00e7\u00e3o na C\u00e2mara dos Deputados, foi sugest\u00e3o apresentada pela Associa\u00e7\u00e3o Antiga e Iluminada Sociedade Banksiana e aprovada em outubro \u00faltimo pela Comiss\u00e3o de Legisla\u00e7\u00e3o Participativa (SUG 115\/17). O projeto ser\u00e1 analisado pelas comiss\u00f5es de Seguridade Social e Fam\u00edlia e de Constitui\u00e7\u00e3o e Justi\u00e7a e de Cidadania. Depois, seguir\u00e1 para o Plen\u00e1rio.<\/p>\n\n\n\n<p>O relator, deputado&nbsp;Pompeo de Mattos (PDT-RS), recomendou a aprova\u00e7\u00e3o. \u201cA proposta busca preservar direitos e patrim\u00f4nios de dilapida\u00e7\u00f5es ou oculta\u00e7\u00f5es mediante transmiss\u00e3o de propriedade ou titularidade de bens e direitos para que n\u00e3o sejam partilhados ou deixados como heran\u00e7a\u201d, afirmou.<\/p>\n\n\n\n<p><strong>MaisPB<\/strong><\/p>\n","protected":false},"excerpt":{"rendered":"<p>O Projeto de Lei&nbsp; 5463\/19 prev\u00ea efeitos retroativos para as senten\u00e7as que tratam de div\u00f3rcio e separa\u00e7\u00e3o e que tratam do reconhecimento de filhos. O&hellip; <\/p>\n","protected":false},"author":1,"featured_media":143492,"comment_status":"closed","ping_status":"closed","sticky":false,"template":"","format":"standard","meta":{"sfsi_plus_gutenberg_text_before_share":"","sfsi_plus_gutenberg_show_text_before_share":"","sfsi_plus_gutenberg_icon_type":"","sfsi_plus_gutenberg_icon_alignemt":"","sfsi_plus_gutenburg_max_per_row":"","footnotes":""},"categories":[50,2],"tags":[],"class_list":["post-143491","post","type-post","status-publish","format-standard","has-post-thumbnail","hentry","category-destaque","category-geral"],"_links":{"self":[{"href":"https:\/\/www.caririemacao.com\/1\/wp-json\/wp\/v2\/posts\/143491","targetHints":{"allow":["GET"]}}],"collection":[{"href":"https:\/\/www.caririemacao.com\/1\/wp-json\/wp\/v2\/posts"}],"about":[{"href":"https:\/\/www.caririemacao.com\/1\/wp-json\/wp\/v2\/types\/post"}],"author":[{"embeddable":true,"href":"https:\/\/www.caririemacao.com\/1\/wp-json\/wp\/v2\/users\/1"}],"replies":[{"embeddable":true,"href":"https:\/\/www.caririemacao.com\/1\/wp-json\/wp\/v2\/comments?post=143491"}],"version-history":[{"count":1,"href":"https:\/\/www.caririemacao.com\/1\/wp-json\/wp\/v2\/posts\/143491\/revisions"}],"predecessor-version":[{"id":143493,"href":"https:\/\/www.caririemacao.com\/1\/wp-json\/wp\/v2\/posts\/143491\/revisions\/143493"}],"wp:featuredmedia":[{"embeddable":true,"href":"https:\/\/www.caririemacao.com\/1\/wp-json\/wp\/v2\/media\/143492"}],"wp:attachment":[{"href":"https:\/\/www.caririemacao.com\/1\/wp-json\/wp\/v2\/media?parent=143491"}],"wp:term":[{"taxonomy":"category","embeddable":true,"href":"https:\/\/www.caririemacao.com\/1\/wp-json\/wp\/v2\/categories?post=143491"},{"taxonomy":"post_tag","embeddable":true,"href":"https:\/\/www.caririemacao.com\/1\/wp-json\/wp\/v2\/tags?post=143491"}],"curies":[{"name":"wp","href":"https:\/\/api.w.org\/{rel}","templated":true}]}}