{"id":143495,"date":"2019-12-29T08:10:57","date_gmt":"2019-12-29T11:10:57","guid":{"rendered":"http:\/\/www.caririemacao.com\/1\/?p=143495"},"modified":"2019-12-29T08:10:57","modified_gmt":"2019-12-29T11:10:57","slug":"fies-pode-cobrar-na-justica-alunos-inadimplentes","status":"publish","type":"post","link":"https:\/\/www.caririemacao.com\/1\/2019\/12\/29\/fies-pode-cobrar-na-justica-alunos-inadimplentes\/","title":{"rendered":"Fies pode cobrar na Justi\u00e7a alunos inadimplentes"},"content":{"rendered":"\n<p>O Minist\u00e9rio da Educa\u00e7\u00e3o (MEC) mudou as regras do Fundo de Financiamento Estudantil (Fies) para cobrar na Justi\u00e7a cerca de 584 mil estudantes que est\u00e3o com presta\u00e7\u00f5es atrasadas h\u00e1 mais de um ano. A resolu\u00e7\u00e3o foi publicada no Di\u00e1rio Oficial da Uni\u00e3o da sexta-feira (27) e libera a cobran\u00e7a judicial dos contratos.<\/p>\n\n\n\n<p>No total, o rombo \u00e9 de R$12 bilh\u00f5es e o recorde de inadimpl\u00eancia deve acontecer em 2020, que \u00e9 quando come\u00e7a o prazo de pagamento de quem conseguiu o Fies em 2014. Para reverter os n\u00fameros, a portaria autorizou que os contratos firmados at\u00e9 o 2\u00ba semestre de 2017 poder\u00e3o ser cobrados na Justi\u00e7a.<\/p>\n\n\n\n<p>Os novos contratos do programa exigem que o aluno tenho a nota m\u00ednima de 400 pontos na Reda\u00e7\u00e3o do Exame Nacional do Ensino M\u00e9dio (Enem) e 450 na parte objetiva, onde integram as disciplinas de Portugu\u00eas, Matem\u00e1tica, Ci\u00eancias da Natureza e Ci\u00eancias Humanas.<\/p>\n\n\n\n<p>O total de vagas oferecidas tamb\u00e9m deve ser reduzido com a nova resolu\u00e7\u00e3o e a transfer\u00eancia de gradua\u00e7\u00e3o s\u00f3 vai ser poss\u00edvel se o aluno possuir nota no Enem igual ou superior \u00e0 m\u00e9dia do \u00faltimo ingressante, com Fies, no \u00faltimo processo seletivo.<\/p>\n\n\n\n<p><strong>MaisPB<\/strong><\/p>\n","protected":false},"excerpt":{"rendered":"<p>O Minist\u00e9rio da Educa\u00e7\u00e3o (MEC) mudou as regras do Fundo de Financiamento Estudantil (Fies) para cobrar na Justi\u00e7a cerca de 584 mil estudantes que est\u00e3o&hellip; <\/p>\n","protected":false},"author":1,"featured_media":103978,"comment_status":"closed","ping_status":"closed","sticky":false,"template":"","format":"standard","meta":{"sfsi_plus_gutenberg_text_before_share":"","sfsi_plus_gutenberg_show_text_before_share":"","sfsi_plus_gutenberg_icon_type":"","sfsi_plus_gutenberg_icon_alignemt":"","sfsi_plus_gutenburg_max_per_row":"","footnotes":""},"categories":[14],"tags":[],"class_list":["post-143495","post","type-post","status-publish","format-standard","has-post-thumbnail","hentry","category-educacao"],"_links":{"self":[{"href":"https:\/\/www.caririemacao.com\/1\/wp-json\/wp\/v2\/posts\/143495","targetHints":{"allow":["GET"]}}],"collection":[{"href":"https:\/\/www.caririemacao.com\/1\/wp-json\/wp\/v2\/posts"}],"about":[{"href":"https:\/\/www.caririemacao.com\/1\/wp-json\/wp\/v2\/types\/post"}],"author":[{"embeddable":true,"href":"https:\/\/www.caririemacao.com\/1\/wp-json\/wp\/v2\/users\/1"}],"replies":[{"embeddable":true,"href":"https:\/\/www.caririemacao.com\/1\/wp-json\/wp\/v2\/comments?post=143495"}],"version-history":[{"count":1,"href":"https:\/\/www.caririemacao.com\/1\/wp-json\/wp\/v2\/posts\/143495\/revisions"}],"predecessor-version":[{"id":143496,"href":"https:\/\/www.caririemacao.com\/1\/wp-json\/wp\/v2\/posts\/143495\/revisions\/143496"}],"wp:featuredmedia":[{"embeddable":true,"href":"https:\/\/www.caririemacao.com\/1\/wp-json\/wp\/v2\/media\/103978"}],"wp:attachment":[{"href":"https:\/\/www.caririemacao.com\/1\/wp-json\/wp\/v2\/media?parent=143495"}],"wp:term":[{"taxonomy":"category","embeddable":true,"href":"https:\/\/www.caririemacao.com\/1\/wp-json\/wp\/v2\/categories?post=143495"},{"taxonomy":"post_tag","embeddable":true,"href":"https:\/\/www.caririemacao.com\/1\/wp-json\/wp\/v2\/tags?post=143495"}],"curies":[{"name":"wp","href":"https:\/\/api.w.org\/{rel}","templated":true}]}}