{"id":143499,"date":"2019-12-29T08:12:24","date_gmt":"2019-12-29T11:12:24","guid":{"rendered":"http:\/\/www.caririemacao.com\/1\/?p=143499"},"modified":"2019-12-29T08:12:24","modified_gmt":"2019-12-29T11:12:24","slug":"primeira-etapa-da-entrega-dos-oculos-do-programa-olhar-monteiro-aconteceu-nesta-sexta","status":"publish","type":"post","link":"https:\/\/www.caririemacao.com\/1\/2019\/12\/29\/primeira-etapa-da-entrega-dos-oculos-do-programa-olhar-monteiro-aconteceu-nesta-sexta\/","title":{"rendered":"Primeira etapa da entrega dos \u00f3culos do programa Olhar Monteiro aconteceu nesta sexta"},"content":{"rendered":"\n<p>Um novo olhar e uma nova perspectiva. Esses foram os principais benef\u00edcios obtidos por 100 estudantes da Rede Municipal de Ensino de Monteiro nesta sexta-feira, 27, com o recebimento gratuito de \u00f3culos por meio do Programa Olhar Monteiro.<\/p>\n\n\n\n<p>Com a concretiza\u00e7\u00e3o dessas a\u00e7\u00f5es, o programa Olhar Monteiro totalizar\u00e1 a entrega de aproximadamente 300 \u00f3culos aos estudantes da rede p\u00fablica de ensino do munic\u00edpio. \u201cO Programa Olhar Monteiro possibilita v\u00e1rios benef\u00edcios aos educandos e maior rendimento escolar. Um exemplo \u00e9 o fornecimento dos \u00f3culos aos estudantes que necessitam. O recebimento deles permite grandes avan\u00e7os na aprendizagem\u201d, destacou a prefeita Anna Lorena, durante a entrega que aconteceu no Centro Cultural Alexandre da Silva Brito.<\/p>\n\n\n\n<div class=\"wp-block-image\"><figure class=\"alignleft\"><img decoding=\"async\" data-src=\"https:\/\/i2.wp.com\/www.vitrinedocariri.com.br\/wp-content\/uploads\/2019\/12\/Primeira-etapa-da-entrega-dos-%C3%B3culos-do-programa-Olhar-Monteiro-aconteceu-nesta-sexta-feira-13.jpeg?zoom=2&amp;resize=330%2C219&amp;ssl=1\" alt=\"\" class=\"wp-image-60758 lazyload\" src=\"data:image\/svg+xml;base64,PHN2ZyB3aWR0aD0iMSIgaGVpZ2h0PSIxIiB4bWxucz0iaHR0cDovL3d3dy53My5vcmcvMjAwMC9zdmciPjwvc3ZnPg==\" \/><\/figure><\/div>\n\n\n\n<p>O Programa \u00e9 desenvolvido atrav\u00e9s das secretarias municipais de Sa\u00fade e Educa\u00e7\u00e3o onde os estudantes s\u00e3o atendidos por equipes no Centro de Especialidades M\u00e9dicas realizando teste de acuidade visual para medir a capacidade funcional da vis\u00e3o e quando detectada alguma altera\u00e7\u00e3o, s\u00e3o realizados exames oftalmol\u00f3gicos mais completos.<\/p>\n\n\n\n<p>Nos casos confirmados de defici\u00eancia na acuidade visual, o estudante recebe o \u00f3culos. Toda a a\u00e7\u00e3o \u00e9 feita com o acompanhamento atrav\u00e9s dos profissionais que envolvem professores, coordenadores, oftalmologistas e outros.<\/p>\n\n\n\n<p>A Secret\u00e1ria de Sa\u00fade, Paula Oliveira ressalta o alcance da assist\u00eancia prestada pelas secretarias municipais. \u201cUma boa vis\u00e3o \u00e9 essencial para o desempenho na atividade escolar e esta a\u00e7\u00e3o da Prefeitura traz um grande benef\u00edcio, por que o uso de \u00f3culos corrige as altera\u00e7\u00f5es na vis\u00e3o e garante a crian\u00e7as e adolescentes uma condi\u00e7\u00e3o favor\u00e1vel ao aprendizado\u201d, comentou.<\/p>\n\n\n\n<div class=\"wp-block-image\"><figure class=\"alignleft\"><img decoding=\"async\" data-src=\"https:\/\/i1.wp.com\/www.vitrinedocariri.com.br\/wp-content\/uploads\/2019\/12\/Primeira-etapa-da-entrega-dos-%C3%B3culos-do-programa-Olhar-Monteiro-aconteceu-nesta-sexta-feira-6.jpeg?zoom=2&amp;resize=330%2C219&amp;ssl=1\" alt=\"\" class=\"wp-image-60756 lazyload\" src=\"data:image\/svg+xml;base64,PHN2ZyB3aWR0aD0iMSIgaGVpZ2h0PSIxIiB4bWxucz0iaHR0cDovL3d3dy53My5vcmcvMjAwMC9zdmciPjwvc3ZnPg==\" \/><\/figure><\/div>\n\n\n\n<p>QUALIDADE DE VIDA<\/p>\n\n\n\n<p>\u201cEu achei um projeto excelente, porque meu filho precisava de \u00f3culos e eu n\u00e3o podia pagar e tenho certeza que as notas dele v\u00e3o melhorar\u201d, conta a senhora Francisca Bezerra, m\u00e3e de aluno da Rede Municipal de Ensino.<\/p>\n\n\n\n<p>\u201cMeu menino h\u00e1 mais de 05 anos usa \u00f3culos por um problema grave de vista e esta j\u00e1 \u00e9 uma grande ajuda, achei uma maravilha e meu filho tamb\u00e9m\u201d, conta a mam\u00e3e Ver\u00f4nica, que ainda falou sobre a perspectiva do aumento do desempenho dos filhos na escola, e destaca que o recebimento dos \u00f3culos possibilita ainda uma economia nas despesas dom\u00e9sticas.<\/p>\n","protected":false},"excerpt":{"rendered":"<p>Um novo olhar e uma nova perspectiva. Esses foram os principais benef\u00edcios obtidos por 100 estudantes da Rede Municipal de Ensino de Monteiro nesta sexta-feira,&hellip; <\/p>\n","protected":false},"author":1,"featured_media":143500,"comment_status":"closed","ping_status":"closed","sticky":false,"template":"","format":"standard","meta":{"sfsi_plus_gutenberg_text_before_share":"","sfsi_plus_gutenberg_show_text_before_share":"","sfsi_plus_gutenberg_icon_type":"","sfsi_plus_gutenberg_icon_alignemt":"","sfsi_plus_gutenburg_max_per_row":"","footnotes":""},"categories":[6,50],"tags":[],"class_list":["post-143499","post","type-post","status-publish","format-standard","has-post-thumbnail","hentry","category-cidades","category-destaque"],"_links":{"self":[{"href":"https:\/\/www.caririemacao.com\/1\/wp-json\/wp\/v2\/posts\/143499","targetHints":{"allow":["GET"]}}],"collection":[{"href":"https:\/\/www.caririemacao.com\/1\/wp-json\/wp\/v2\/posts"}],"about":[{"href":"https:\/\/www.caririemacao.com\/1\/wp-json\/wp\/v2\/types\/post"}],"author":[{"embeddable":true,"href":"https:\/\/www.caririemacao.com\/1\/wp-json\/wp\/v2\/users\/1"}],"replies":[{"embeddable":true,"href":"https:\/\/www.caririemacao.com\/1\/wp-json\/wp\/v2\/comments?post=143499"}],"version-history":[{"count":1,"href":"https:\/\/www.caririemacao.com\/1\/wp-json\/wp\/v2\/posts\/143499\/revisions"}],"predecessor-version":[{"id":143501,"href":"https:\/\/www.caririemacao.com\/1\/wp-json\/wp\/v2\/posts\/143499\/revisions\/143501"}],"wp:featuredmedia":[{"embeddable":true,"href":"https:\/\/www.caririemacao.com\/1\/wp-json\/wp\/v2\/media\/143500"}],"wp:attachment":[{"href":"https:\/\/www.caririemacao.com\/1\/wp-json\/wp\/v2\/media?parent=143499"}],"wp:term":[{"taxonomy":"category","embeddable":true,"href":"https:\/\/www.caririemacao.com\/1\/wp-json\/wp\/v2\/categories?post=143499"},{"taxonomy":"post_tag","embeddable":true,"href":"https:\/\/www.caririemacao.com\/1\/wp-json\/wp\/v2\/tags?post=143499"}],"curies":[{"name":"wp","href":"https:\/\/api.w.org\/{rel}","templated":true}]}}