{"id":143504,"date":"2019-12-29T08:13:55","date_gmt":"2019-12-29T11:13:55","guid":{"rendered":"http:\/\/www.caririemacao.com\/1\/?p=143504"},"modified":"2019-12-29T08:14:11","modified_gmt":"2019-12-29T11:14:11","slug":"dpvat-sera-ate-854-menor-em-2020-2","status":"publish","type":"post","link":"https:\/\/www.caririemacao.com\/1\/2019\/12\/29\/dpvat-sera-ate-854-menor-em-2020-2\/","title":{"rendered":"DPVAT ser\u00e1 at\u00e9 85,4% menor em 2020"},"content":{"rendered":"\n<p>O Conselho Nacional de Seguros Privados (CNSP) aprovou hoje (27) a redu\u00e7\u00e3o dos valores a serem pagos na contrata\u00e7\u00e3o do seguro obrigat\u00f3rio de Danos Pessoais Causados por Ve\u00edculos Automotores de Via Terrestre (DPVAT).<\/p>\n\n\n\n<p><br>Em 2020, o custo para propriet\u00e1rios de carros ser\u00e1 R$ 5,23. O novo valor representa uma queda de 67,7% em rela\u00e7\u00e3o ao cobrado em 2019. No caso das motos, a redu\u00e7\u00e3o \u00e9 ainda maior. <\/p>\n\n\n\n<p>O pre\u00e7o do seguro ser\u00e1 R$ 12,30 e \u00e9 85,4% menor do que o praticado neste ano.<br>A redu\u00e7\u00e3o dr\u00e1stica dos valores tamb\u00e9m se observa nas demais categorias: o pre\u00e7o para \u00f4nibus com frete ser\u00e1 R$ 10,57; para \u00f4nibus sem frete ser\u00e1 R$ 8,11 e para caminh\u00f5es R$ 5,78.<br><\/p>\n\n\n\n<p><strong>Com informa\u00e7\u00f5es da AGENCIA BRASIL EBC<\/strong><\/p>\n","protected":false},"excerpt":{"rendered":"<p>O Conselho Nacional de Seguros Privados (CNSP) aprovou hoje (27) a redu\u00e7\u00e3o dos valores a serem pagos na contrata\u00e7\u00e3o do seguro obrigat\u00f3rio de Danos Pessoais&hellip; <\/p>\n","protected":false},"author":1,"featured_media":143358,"comment_status":"closed","ping_status":"closed","sticky":false,"template":"","format":"standard","meta":{"sfsi_plus_gutenberg_text_before_share":"","sfsi_plus_gutenberg_show_text_before_share":"","sfsi_plus_gutenberg_icon_type":"","sfsi_plus_gutenberg_icon_alignemt":"","sfsi_plus_gutenburg_max_per_row":"","footnotes":""},"categories":[2],"tags":[],"class_list":["post-143504","post","type-post","status-publish","format-standard","has-post-thumbnail","hentry","category-geral"],"_links":{"self":[{"href":"https:\/\/www.caririemacao.com\/1\/wp-json\/wp\/v2\/posts\/143504","targetHints":{"allow":["GET"]}}],"collection":[{"href":"https:\/\/www.caririemacao.com\/1\/wp-json\/wp\/v2\/posts"}],"about":[{"href":"https:\/\/www.caririemacao.com\/1\/wp-json\/wp\/v2\/types\/post"}],"author":[{"embeddable":true,"href":"https:\/\/www.caririemacao.com\/1\/wp-json\/wp\/v2\/users\/1"}],"replies":[{"embeddable":true,"href":"https:\/\/www.caririemacao.com\/1\/wp-json\/wp\/v2\/comments?post=143504"}],"version-history":[{"count":2,"href":"https:\/\/www.caririemacao.com\/1\/wp-json\/wp\/v2\/posts\/143504\/revisions"}],"predecessor-version":[{"id":143506,"href":"https:\/\/www.caririemacao.com\/1\/wp-json\/wp\/v2\/posts\/143504\/revisions\/143506"}],"wp:featuredmedia":[{"embeddable":true,"href":"https:\/\/www.caririemacao.com\/1\/wp-json\/wp\/v2\/media\/143358"}],"wp:attachment":[{"href":"https:\/\/www.caririemacao.com\/1\/wp-json\/wp\/v2\/media?parent=143504"}],"wp:term":[{"taxonomy":"category","embeddable":true,"href":"https:\/\/www.caririemacao.com\/1\/wp-json\/wp\/v2\/categories?post=143504"},{"taxonomy":"post_tag","embeddable":true,"href":"https:\/\/www.caririemacao.com\/1\/wp-json\/wp\/v2\/tags?post=143504"}],"curies":[{"name":"wp","href":"https:\/\/api.w.org\/{rel}","templated":true}]}}