{"id":143511,"date":"2019-12-29T10:34:09","date_gmt":"2019-12-29T13:34:09","guid":{"rendered":"http:\/\/www.caririemacao.com\/1\/?p=143511"},"modified":"2019-12-29T10:34:09","modified_gmt":"2019-12-29T13:34:09","slug":"eleicoes-2020-em-monteiro-lorena-nao-vem-so-para-2020-por-bruno-lira","status":"publish","type":"post","link":"https:\/\/www.caririemacao.com\/1\/2019\/12\/29\/eleicoes-2020-em-monteiro-lorena-nao-vem-so-para-2020-por-bruno-lira\/","title":{"rendered":"Elei\u00e7\u00f5es 2020 em Monteiro: Lorena n\u00e3o vem s\u00f3 para 2020. Por Bruno Lira"},"content":{"rendered":"\n<p>A prefeita de Monteiro, Anna Lorena, ex-aliada do grupo&nbsp; Henrique vai para reelei\u00e7\u00e3o e n\u00e3o vai entrar s\u00f3 nessa luta. A jovem prefeita j\u00e1 conta com o apoio de importantes lideran\u00e7as, seja na esfera estadual ou local.<\/p>\n\n\n\n<p>Lorena j\u00e1 conta com o apoio do presidente da Assembleia Legislativa da Para\u00edba, Adriano Galdino, o deputado federal, Wellington Roberto, o ex-prefeito e ex-deputado Carlos Batinga, o governador Jo\u00e3o Azev\u00eado, o senador Veneziano, al\u00e9m de lideran\u00e7as locais, como o vice-prefeito Celecileno, o ex-candidato a prefeito e secret\u00e1rio, Conrado, vereadores da base de sustenta\u00e7\u00e3o e possivelmente a ex-prefeita Lourdinha Arag\u00e3o e outras lideran\u00e7as.<\/p>\n\n\n\n<p>Pelo que se escuta o pleito eleitoral promete ser um dos mais disputados da hist\u00f3ria de Monteiro.<\/p>\n\n\n\n<p>Lorena ainda n\u00e3o definiu o seu futuro partid\u00e1rio e dever\u00e1 se filiar na mesma legenda do governador Jo\u00e3o Azev\u00eado, que tamb\u00e9m est\u00e1 sem partido.<\/p>\n\n\n\n<p>Blog do Bruno Lira<\/p>\n","protected":false},"excerpt":{"rendered":"<p>A prefeita de Monteiro, Anna Lorena, ex-aliada do grupo&nbsp; Henrique vai para reelei\u00e7\u00e3o e n\u00e3o vai entrar s\u00f3 nessa luta. A jovem prefeita j\u00e1 conta&hellip; <\/p>\n","protected":false},"author":1,"featured_media":143512,"comment_status":"closed","ping_status":"closed","sticky":false,"template":"","format":"standard","meta":{"sfsi_plus_gutenberg_text_before_share":"","sfsi_plus_gutenberg_show_text_before_share":"","sfsi_plus_gutenberg_icon_type":"","sfsi_plus_gutenberg_icon_alignemt":"","sfsi_plus_gutenburg_max_per_row":"","footnotes":""},"categories":[6,50],"tags":[],"class_list":["post-143511","post","type-post","status-publish","format-standard","has-post-thumbnail","hentry","category-cidades","category-destaque"],"_links":{"self":[{"href":"https:\/\/www.caririemacao.com\/1\/wp-json\/wp\/v2\/posts\/143511","targetHints":{"allow":["GET"]}}],"collection":[{"href":"https:\/\/www.caririemacao.com\/1\/wp-json\/wp\/v2\/posts"}],"about":[{"href":"https:\/\/www.caririemacao.com\/1\/wp-json\/wp\/v2\/types\/post"}],"author":[{"embeddable":true,"href":"https:\/\/www.caririemacao.com\/1\/wp-json\/wp\/v2\/users\/1"}],"replies":[{"embeddable":true,"href":"https:\/\/www.caririemacao.com\/1\/wp-json\/wp\/v2\/comments?post=143511"}],"version-history":[{"count":1,"href":"https:\/\/www.caririemacao.com\/1\/wp-json\/wp\/v2\/posts\/143511\/revisions"}],"predecessor-version":[{"id":143513,"href":"https:\/\/www.caririemacao.com\/1\/wp-json\/wp\/v2\/posts\/143511\/revisions\/143513"}],"wp:featuredmedia":[{"embeddable":true,"href":"https:\/\/www.caririemacao.com\/1\/wp-json\/wp\/v2\/media\/143512"}],"wp:attachment":[{"href":"https:\/\/www.caririemacao.com\/1\/wp-json\/wp\/v2\/media?parent=143511"}],"wp:term":[{"taxonomy":"category","embeddable":true,"href":"https:\/\/www.caririemacao.com\/1\/wp-json\/wp\/v2\/categories?post=143511"},{"taxonomy":"post_tag","embeddable":true,"href":"https:\/\/www.caririemacao.com\/1\/wp-json\/wp\/v2\/tags?post=143511"}],"curies":[{"name":"wp","href":"https:\/\/api.w.org\/{rel}","templated":true}]}}