{"id":143516,"date":"2019-12-29T10:35:28","date_gmt":"2019-12-29T13:35:28","guid":{"rendered":"http:\/\/www.caririemacao.com\/1\/?p=143516"},"modified":"2019-12-29T10:35:28","modified_gmt":"2019-12-29T13:35:28","slug":"carro-bomba-explode-e-deixa-mais-de-60-mortos-na-somalia","status":"publish","type":"post","link":"https:\/\/www.caririemacao.com\/1\/2019\/12\/29\/carro-bomba-explode-e-deixa-mais-de-60-mortos-na-somalia\/","title":{"rendered":"Carro-bomba explode e deixa mais de 60 mortos na Som\u00e1lia"},"content":{"rendered":"\n<p>Pelo menos 61 pessoas morreram e outras 51 ficaram feridas depois que um carro-bomba explodiu, na manh\u00e3 deste s\u00e1bado (28), na Som\u00e1lia. A explos\u00e3o foi em um posto alfandeg\u00e1rio, na fronteira da capital Mogad\u00edscio com a cidade de Afgoye.<\/p>\n\n\n\n<p>De acordo com fontes m\u00e9dicas ouvidas pelas ag\u00eancias internacionais, o n\u00famero de mortos pode subir. As v\u00edtimas foram encaminhadas ao hospital Medina, na capital somali.<\/p>\n\n\n\n<p>\u201cOutros pacientes, familiares e at\u00e9 m\u00e9dicos, enfermeiros e funcion\u00e1rios do hospital foram acionados para doar sangue com urg\u00eancia para ajudar as v\u00edtimas. A situa\u00e7\u00e3o \u00e9 ruim\u201d, disse o m\u00e9dico Yahye Ismai.<\/p>\n\n\n\n<p>Entre os mortos estaria uma equipe de engenheiros turcos, que no momento da explos\u00e3o realizava obras na estrada que liga Mogad\u00edscio a Afgoye, e v\u00e1rios estudantes universit\u00e1rios que estavam dentro de um micro-\u00f4nibus que cruzava a fronteira. Testemunhas disseram que um carro pertencente aos engenheiros foi destru\u00eddo instantaneamente na explos\u00e3o.<\/p>\n\n\n\n<p>A Turquia \u00e9 um dos principais doadores da Som\u00e1lia desde a fome em 2011 e, juntamente com o governo do Qatar, est\u00e1 financiando uma s\u00e9rie de projetos de infraestrutura e levando m\u00e9dicos ao pa\u00eds.<\/p>\n\n\n\n<p>O ataque ocorreu \u00e0s 8h (2h no hor\u00e1rio de Bras\u00edlia), quando um suposto homem-bomba explodiu seu ve\u00edculo perto do posto de controle da fronteira, que tamb\u00e9m \u00e9 um ponto de coleta de impostos para o governo, segundo Ali Abdi Ali Hoshow, funcion\u00e1rio do Minist\u00e9rio de Rela\u00e7\u00f5es Exteriores.<\/p>\n\n\n\n<p>Nenhum grupo terrorista assumiu a responsabilidade pelo ataque, embora o grupo jihadista Al Shabab tenha se posicionado contra a constru\u00e7\u00e3o da estrada entre as duas cidades.<\/p>\n\n\n\n<p>Ap\u00f3s o som de uma enorme explos\u00e3o no posto de controle, Sabdow Ali, de 55 anos, que mora nas proximidades, disse que saiu de casa e contou pelo menos 13 pessoas mortas. \u201cDezenas de feridos estavam gritando por socorro, mas a pol\u00edcia imediatamente abriu fogo e eu corri de volta para minha casa\u201d, disse ele \u00e0 Reuters.<\/p>\n\n\n\n<p>Os feridos foram transportados para o Hospital Medina, onde uma testemunha da Reuters viu dezenas chegando de ambul\u00e2ncia do local.<\/p>\n\n\n\n<p>Em entrevista a rep\u00f3rteres no local da explos\u00e3o, o prefeito de Mogad\u00edscio, Omar Muhamoud, disse que o governo confirmou que pelo menos 90 civis, a maioria estudantes, foram feridos na explos\u00e3o.<\/p>\n\n\n\n<p>Familiares choravam do lado de fora do hospital, enquanto procuravam informa\u00e7\u00f5es sobre o estado de sa\u00fade de seus parentes.<\/p>\n\n\n\n<p><strong>Lealdade ao Al Qaeda<\/strong><\/p>\n\n\n\n<p>Mogad\u00edscio sofre frequentemente com ataques da Al Shabab, uma organiza\u00e7\u00e3o terrorista que ingressou na rede internacional da Al Qaeda em 2012 e controla parte do centro e sul da Som\u00e1lia, onde aspira estabelecer um estado isl\u00e2mico da corte Wahhabi (ultraconservadora).<\/p>\n\n\n\n<p>O ataque mais mortal atribu\u00eddo ao Al Shabab foi em outubro de 2017, quando um caminh\u00e3o carregado de bombas explodiu ao lado de um tanque de combust\u00edvel em Mogad\u00edscio, criando uma tempestade de fogo que matou quase 600 pessoas.<\/p>\n\n\n\n<p>O grupo n\u00e3o assume a responsabilidade por ataques que provocam grande rea\u00e7\u00e3o p\u00fablica, como um atentado suicida de 2009 em uma cerim\u00f4nia de gradua\u00e7\u00e3o para estudantes de medicina.<\/p>\n\n\n\n<p>O Al Shabaab nasceu de um movimento pol\u00edtico que usou tribunais isl\u00e2micos para tentar impor ordem ao pa\u00eds. Os soldados et\u00edopes apoiados pelos EUA derrotaram a Uni\u00e3o dos Tribunais Isl\u00e2micos em 2006, mas a ala jovem do movimento se separou e lan\u00e7ou uma insurg\u00eancia. O Al Shabaab prometeu lealdade \u00e0 Al Qaeda em 2012, quando a insurg\u00eancia lutou contra as for\u00e7as de paz da Uni\u00e3o Africana.<\/p>\n\n\n\n<p>A Som\u00e1lia vive em estado de conflito e caos desde 1991, quando o ditador Mohamed Siad Barr\u00e9 foi derrubado, o que deixou o pa\u00eds sem um governo efetivo e nas m\u00e3os de mil\u00edcias e senhores da guerra isl\u00e2micos.<\/p>\n\n\n\n<p><em>Com G1&nbsp;<\/em><\/p>\n","protected":false},"excerpt":{"rendered":"<p>Pelo menos 61 pessoas morreram e outras 51 ficaram feridas depois que um carro-bomba explodiu, na manh\u00e3 deste s\u00e1bado (28), na Som\u00e1lia. A explos\u00e3o foi&hellip; <\/p>\n","protected":false},"author":1,"featured_media":143517,"comment_status":"closed","ping_status":"closed","sticky":false,"template":"","format":"standard","meta":{"sfsi_plus_gutenberg_text_before_share":"","sfsi_plus_gutenberg_show_text_before_share":"","sfsi_plus_gutenberg_icon_type":"","sfsi_plus_gutenberg_icon_alignemt":"","sfsi_plus_gutenburg_max_per_row":"","footnotes":""},"categories":[12],"tags":[],"class_list":["post-143516","post","type-post","status-publish","format-standard","has-post-thumbnail","hentry","category-policia"],"_links":{"self":[{"href":"https:\/\/www.caririemacao.com\/1\/wp-json\/wp\/v2\/posts\/143516","targetHints":{"allow":["GET"]}}],"collection":[{"href":"https:\/\/www.caririemacao.com\/1\/wp-json\/wp\/v2\/posts"}],"about":[{"href":"https:\/\/www.caririemacao.com\/1\/wp-json\/wp\/v2\/types\/post"}],"author":[{"embeddable":true,"href":"https:\/\/www.caririemacao.com\/1\/wp-json\/wp\/v2\/users\/1"}],"replies":[{"embeddable":true,"href":"https:\/\/www.caririemacao.com\/1\/wp-json\/wp\/v2\/comments?post=143516"}],"version-history":[{"count":1,"href":"https:\/\/www.caririemacao.com\/1\/wp-json\/wp\/v2\/posts\/143516\/revisions"}],"predecessor-version":[{"id":143518,"href":"https:\/\/www.caririemacao.com\/1\/wp-json\/wp\/v2\/posts\/143516\/revisions\/143518"}],"wp:featuredmedia":[{"embeddable":true,"href":"https:\/\/www.caririemacao.com\/1\/wp-json\/wp\/v2\/media\/143517"}],"wp:attachment":[{"href":"https:\/\/www.caririemacao.com\/1\/wp-json\/wp\/v2\/media?parent=143516"}],"wp:term":[{"taxonomy":"category","embeddable":true,"href":"https:\/\/www.caririemacao.com\/1\/wp-json\/wp\/v2\/categories?post=143516"},{"taxonomy":"post_tag","embeddable":true,"href":"https:\/\/www.caririemacao.com\/1\/wp-json\/wp\/v2\/tags?post=143516"}],"curies":[{"name":"wp","href":"https:\/\/api.w.org\/{rel}","templated":true}]}}