{"id":143521,"date":"2019-12-29T10:36:19","date_gmt":"2019-12-29T13:36:19","guid":{"rendered":"http:\/\/www.caririemacao.com\/1\/?p=143521"},"modified":"2019-12-29T10:36:19","modified_gmt":"2019-12-29T13:36:19","slug":"programa-para-gestores-de-saude-deve-chegar-a-todos-os-estados-em-2020","status":"publish","type":"post","link":"https:\/\/www.caririemacao.com\/1\/2019\/12\/29\/programa-para-gestores-de-saude-deve-chegar-a-todos-os-estados-em-2020\/","title":{"rendered":"Programa para gestores de Sa\u00fade deve chegar a todos os estados em 2020"},"content":{"rendered":"\n<p>O minist\u00e9rio da Sa\u00fade anunciou que o projeto Gest\u00e3o Itinerante, que promove oficinas, ciclos de palestras e debates sobre sa\u00fade p\u00fablica, deve percorrer todos os estados brasileiros em 2020.<\/p>\n\n\n\n<p>O projeto, que j\u00e1 estava em andamento desde setembro deste ano, j\u00e1 foi levado para os estados de Alagoas, Roraima, Piau\u00ed e Cear\u00e1.<\/p>\n\n\n\n<p>Segundo a nota divulgada pelo minist\u00e9rio, o objetivo da iniciativa \u00e9 descentralizar o treinamento de gestores e profissionais de sa\u00fade que n\u00e3o est\u00e3o pr\u00f3ximos da capital, Bras\u00edlia.<\/p>\n\n\n\n<p>\u201cFazemos um levantamento direcionado para cada estado que n\u00f3s vamos visitar para saber quais s\u00e3o as principais d\u00favidas dos gestores. Dessa forma, estamos fazendo um modelo de gest\u00e3o descentralizada, de aproxima\u00e7\u00e3o do Minist\u00e9rio da Sa\u00fade com os entes federados, o que n\u00e3o existia antes\u201d, explicou em nota o diretor de Gest\u00e3o Interfederativa e Participativa do Minist\u00e9rio da Sa\u00fade, Allan Quadros Garc\u00eas.<\/p>\n\n\n\n<p>O programa tamb\u00e9m apresenta aos servidores as iniciativas mais modernas do minist\u00e9rio. Programas estrat\u00e9gicos, como o Conecte SUS, que&nbsp;informatiza o atendimento&nbsp;na rede p\u00fablica, e o&nbsp;Movimento Vacina Brasil, que visa aumentar a cobertura vacinal de doen\u00e7as consideradas erradicadas no pa\u00eds, fazem parte do ciclo de treinamento dado aos profissionais.<\/p>\n","protected":false},"excerpt":{"rendered":"<p>O minist\u00e9rio da Sa\u00fade anunciou que o projeto Gest\u00e3o Itinerante, que promove oficinas, ciclos de palestras e debates sobre sa\u00fade p\u00fablica, deve percorrer todos os&hellip; <\/p>\n","protected":false},"author":1,"featured_media":141647,"comment_status":"closed","ping_status":"closed","sticky":false,"template":"","format":"standard","meta":{"sfsi_plus_gutenberg_text_before_share":"","sfsi_plus_gutenberg_show_text_before_share":"","sfsi_plus_gutenberg_icon_type":"","sfsi_plus_gutenberg_icon_alignemt":"","sfsi_plus_gutenburg_max_per_row":"","footnotes":""},"categories":[16],"tags":[],"class_list":["post-143521","post","type-post","status-publish","format-standard","has-post-thumbnail","hentry","category-saude"],"_links":{"self":[{"href":"https:\/\/www.caririemacao.com\/1\/wp-json\/wp\/v2\/posts\/143521","targetHints":{"allow":["GET"]}}],"collection":[{"href":"https:\/\/www.caririemacao.com\/1\/wp-json\/wp\/v2\/posts"}],"about":[{"href":"https:\/\/www.caririemacao.com\/1\/wp-json\/wp\/v2\/types\/post"}],"author":[{"embeddable":true,"href":"https:\/\/www.caririemacao.com\/1\/wp-json\/wp\/v2\/users\/1"}],"replies":[{"embeddable":true,"href":"https:\/\/www.caririemacao.com\/1\/wp-json\/wp\/v2\/comments?post=143521"}],"version-history":[{"count":1,"href":"https:\/\/www.caririemacao.com\/1\/wp-json\/wp\/v2\/posts\/143521\/revisions"}],"predecessor-version":[{"id":143522,"href":"https:\/\/www.caririemacao.com\/1\/wp-json\/wp\/v2\/posts\/143521\/revisions\/143522"}],"wp:featuredmedia":[{"embeddable":true,"href":"https:\/\/www.caririemacao.com\/1\/wp-json\/wp\/v2\/media\/141647"}],"wp:attachment":[{"href":"https:\/\/www.caririemacao.com\/1\/wp-json\/wp\/v2\/media?parent=143521"}],"wp:term":[{"taxonomy":"category","embeddable":true,"href":"https:\/\/www.caririemacao.com\/1\/wp-json\/wp\/v2\/categories?post=143521"},{"taxonomy":"post_tag","embeddable":true,"href":"https:\/\/www.caririemacao.com\/1\/wp-json\/wp\/v2\/tags?post=143521"}],"curies":[{"name":"wp","href":"https:\/\/api.w.org\/{rel}","templated":true}]}}