{"id":143530,"date":"2019-12-29T10:46:11","date_gmt":"2019-12-29T13:46:11","guid":{"rendered":"http:\/\/www.caririemacao.com\/1\/?p=143530"},"modified":"2019-12-29T10:46:11","modified_gmt":"2019-12-29T13:46:11","slug":"coronel-da-pm-e-morto-durante-assalto-suspeito-fica-ferido-em-troca-de-tiros-com-a-policia","status":"publish","type":"post","link":"https:\/\/www.caririemacao.com\/1\/2019\/12\/29\/coronel-da-pm-e-morto-durante-assalto-suspeito-fica-ferido-em-troca-de-tiros-com-a-policia\/","title":{"rendered":"Coronel da PM \u00e9 morto durante assalto; suspeito fica ferido em troca de tiros com a pol\u00edcia"},"content":{"rendered":"\n<p>O coronel da Pol\u00edcia Militar, Francildo de Souza Nunes, da reserva remunerada da corpora\u00e7\u00e3o no Rio Grande do Norte, foi assassinado por um assaltante, neste s\u00e1bado (28) \u00e0 tarde, em uma loja no Centro de Natal.<\/p>\n\n\n\n<p>Ele chegou a ser socorrido por uma equipe do Samu, mas n\u00e3o resistiu. O oficial estava em uma loja, quando foi atingido pelo disparo. Um turista ainda n\u00e3o identificado tamb\u00e9m teria sido baleado.<\/p>\n\n\n\n<p>C\u00e2meras do circuito interno de TV registraram a imagem do atirador, ao lado do coronel Nunes (usando camiseta com listras azuis).<br>A pol\u00edcia conseguiu localizar o suspeito de cometer o crime, Clodoaldo Santos de Lima, em Maca\u00edba. O homem trocou tiros com os policiais militares e chegou a ser atingido, sendo socorrido logo em seguida.<br>Clodoaldo tamb\u00e9m \u00e9 acusado de matar um Cabo da Pol\u00edcia Militar do Rio Grande do Norte e se intitulava membro da fac\u00e7\u00e3o paulista PCC. Ele estava sempre armado.<\/p>\n\n\n\n<p>A pol\u00edcia continua realizando dilig\u00eancias na tentativa de localizar outros poss\u00edveis envolvidos.<\/p>\n","protected":false},"excerpt":{"rendered":"<p>O coronel da Pol\u00edcia Militar, Francildo de Souza Nunes, da reserva remunerada da corpora\u00e7\u00e3o no Rio Grande do Norte, foi assassinado por um assaltante, neste&hellip; <\/p>\n","protected":false},"author":1,"featured_media":143531,"comment_status":"closed","ping_status":"closed","sticky":false,"template":"","format":"standard","meta":{"sfsi_plus_gutenberg_text_before_share":"","sfsi_plus_gutenberg_show_text_before_share":"","sfsi_plus_gutenberg_icon_type":"","sfsi_plus_gutenberg_icon_alignemt":"","sfsi_plus_gutenburg_max_per_row":"","footnotes":""},"categories":[12],"tags":[],"class_list":["post-143530","post","type-post","status-publish","format-standard","has-post-thumbnail","hentry","category-policia"],"_links":{"self":[{"href":"https:\/\/www.caririemacao.com\/1\/wp-json\/wp\/v2\/posts\/143530","targetHints":{"allow":["GET"]}}],"collection":[{"href":"https:\/\/www.caririemacao.com\/1\/wp-json\/wp\/v2\/posts"}],"about":[{"href":"https:\/\/www.caririemacao.com\/1\/wp-json\/wp\/v2\/types\/post"}],"author":[{"embeddable":true,"href":"https:\/\/www.caririemacao.com\/1\/wp-json\/wp\/v2\/users\/1"}],"replies":[{"embeddable":true,"href":"https:\/\/www.caririemacao.com\/1\/wp-json\/wp\/v2\/comments?post=143530"}],"version-history":[{"count":1,"href":"https:\/\/www.caririemacao.com\/1\/wp-json\/wp\/v2\/posts\/143530\/revisions"}],"predecessor-version":[{"id":143532,"href":"https:\/\/www.caririemacao.com\/1\/wp-json\/wp\/v2\/posts\/143530\/revisions\/143532"}],"wp:featuredmedia":[{"embeddable":true,"href":"https:\/\/www.caririemacao.com\/1\/wp-json\/wp\/v2\/media\/143531"}],"wp:attachment":[{"href":"https:\/\/www.caririemacao.com\/1\/wp-json\/wp\/v2\/media?parent=143530"}],"wp:term":[{"taxonomy":"category","embeddable":true,"href":"https:\/\/www.caririemacao.com\/1\/wp-json\/wp\/v2\/categories?post=143530"},{"taxonomy":"post_tag","embeddable":true,"href":"https:\/\/www.caririemacao.com\/1\/wp-json\/wp\/v2\/tags?post=143530"}],"curies":[{"name":"wp","href":"https:\/\/api.w.org\/{rel}","templated":true}]}}