{"id":143535,"date":"2019-12-29T10:47:19","date_gmt":"2019-12-29T13:47:19","guid":{"rendered":"http:\/\/www.caririemacao.com\/1\/?p=143535"},"modified":"2019-12-29T10:47:19","modified_gmt":"2019-12-29T13:47:19","slug":"morre-ex-ministra-de-lula-nilcea-freire","status":"publish","type":"post","link":"https:\/\/www.caririemacao.com\/1\/2019\/12\/29\/morre-ex-ministra-de-lula-nilcea-freire\/","title":{"rendered":"Morre ex-ministra de Lula, Nilcea Freire"},"content":{"rendered":"\n<p>A ex-ministra de Pol\u00edticas P\u00fablicas para as Mulheres, Nilcea Freire, morreu neste s\u00e1bado (28), aos 66 anos, no Rio de Janeiro. M\u00e9dica, professora, pesquisadora e ex-reitora da Universidade Estadual do Rio de Janeiro (UFRJ), ela tinha c\u00e2ncer e recebia assist\u00eancia m\u00e9dica em casa.<\/p>\n\n\n\n<p>Nilcea Freire foi ministra durante o governo Lula (de 2004 a 2011) e tornou-se uma lideran\u00e7a na \u00e1rea de pol\u00edticas p\u00fablicas para mulheres.<\/p>\n\n\n\n<p>Ela foi respons\u00e1vel pela realiza\u00e7\u00e3o da I Confer\u00eancia Nacional de Pol\u00edticas para as Mulheres, que teve como um dos resultados o Plano Nacional de Pol\u00edticas para as Mulheres.<\/p>\n","protected":false},"excerpt":{"rendered":"<p>A ex-ministra de Pol\u00edticas P\u00fablicas para as Mulheres, Nilcea Freire, morreu neste s\u00e1bado (28), aos 66 anos, no Rio de Janeiro. M\u00e9dica, professora, pesquisadora e&hellip; <\/p>\n","protected":false},"author":1,"featured_media":143536,"comment_status":"closed","ping_status":"closed","sticky":false,"template":"","format":"standard","meta":{"sfsi_plus_gutenberg_text_before_share":"","sfsi_plus_gutenberg_show_text_before_share":"","sfsi_plus_gutenberg_icon_type":"","sfsi_plus_gutenberg_icon_alignemt":"","sfsi_plus_gutenburg_max_per_row":"","footnotes":""},"categories":[2],"tags":[],"class_list":["post-143535","post","type-post","status-publish","format-standard","has-post-thumbnail","hentry","category-geral"],"_links":{"self":[{"href":"https:\/\/www.caririemacao.com\/1\/wp-json\/wp\/v2\/posts\/143535","targetHints":{"allow":["GET"]}}],"collection":[{"href":"https:\/\/www.caririemacao.com\/1\/wp-json\/wp\/v2\/posts"}],"about":[{"href":"https:\/\/www.caririemacao.com\/1\/wp-json\/wp\/v2\/types\/post"}],"author":[{"embeddable":true,"href":"https:\/\/www.caririemacao.com\/1\/wp-json\/wp\/v2\/users\/1"}],"replies":[{"embeddable":true,"href":"https:\/\/www.caririemacao.com\/1\/wp-json\/wp\/v2\/comments?post=143535"}],"version-history":[{"count":1,"href":"https:\/\/www.caririemacao.com\/1\/wp-json\/wp\/v2\/posts\/143535\/revisions"}],"predecessor-version":[{"id":143537,"href":"https:\/\/www.caririemacao.com\/1\/wp-json\/wp\/v2\/posts\/143535\/revisions\/143537"}],"wp:featuredmedia":[{"embeddable":true,"href":"https:\/\/www.caririemacao.com\/1\/wp-json\/wp\/v2\/media\/143536"}],"wp:attachment":[{"href":"https:\/\/www.caririemacao.com\/1\/wp-json\/wp\/v2\/media?parent=143535"}],"wp:term":[{"taxonomy":"category","embeddable":true,"href":"https:\/\/www.caririemacao.com\/1\/wp-json\/wp\/v2\/categories?post=143535"},{"taxonomy":"post_tag","embeddable":true,"href":"https:\/\/www.caririemacao.com\/1\/wp-json\/wp\/v2\/tags?post=143535"}],"curies":[{"name":"wp","href":"https:\/\/api.w.org\/{rel}","templated":true}]}}