{"id":143544,"date":"2019-12-29T10:49:19","date_gmt":"2019-12-29T13:49:19","guid":{"rendered":"http:\/\/www.caririemacao.com\/1\/?p=143544"},"modified":"2019-12-29T10:49:19","modified_gmt":"2019-12-29T13:49:19","slug":"pgr-recorre-ao-stf-e-pede-prisao-com-urgencia-de-ex-governador-ricardo-coutinho","status":"publish","type":"post","link":"https:\/\/www.caririemacao.com\/1\/2019\/12\/29\/pgr-recorre-ao-stf-e-pede-prisao-com-urgencia-de-ex-governador-ricardo-coutinho\/","title":{"rendered":"PGR recorre ao STF e pede pris\u00e3o &#8216;com urg\u00eancia&#8217; de ex-governador Ricardo Coutinho"},"content":{"rendered":"\n<p>A Procuradoria-Geral da Rep\u00fablica (PGR) recorreu ao Supremo Tribunal Federal (STF) nesta sexta-feira (27), da decis\u00e3o do ministro Napole\u00e3o Maia, do Superior Tribunal de Justi\u00e7a (STJ) que concedeu habeas corpus ao ex-governador Ricardo Coutinho.<\/p>\n\n\n\n<p>O habeas corpus livrou o ex-governador da pris\u00e3o preventiva determinada pelo desembargador Ricardo Vital, do Tribunal de Justi\u00e7a da Para\u00edba (TJPB).<\/p>\n\n\n\n<p>De acordo com o pedido de suspens\u00e3o de liminar, a PGR pede que o ex-governador seja preso &#8216;com urg\u00eancia&#8217;. Confira o documento&nbsp;<a href=\"https:\/\/www.clickpb.com.br\/media\/filer_public\/ba\/8e\/ba8e5456-ede9-4da1-9737-e5428eb70d67\/suspensao-liminar-paraiba-stf-inicial-assinada.pdf\">na \u00edntegra aqui.<\/a><\/p>\n\n\n\n<p>O recurso \u00e9 assinado pelo Vice-Procurador-Geral Eleitoral, em plant\u00e3o na Procuradoria-Geral da Rep\u00fablica, Humberto Jacques de Medeiros. O documento \u00e9 direcionado ao presidente do STF, Dias Toffoli.&nbsp;<\/p>\n\n\n\n<p>O pedido de suspens\u00e3o de liminar atinge, al\u00e9m de Ricardo Coutinho,&nbsp; Cl\u00e1udia Veras, Francisco das Chagas Ferreira, David Clemente e a prefeita de Conde, M\u00e1rcia de Figueiredo Lucena Lira.&nbsp;<\/p>\n\n\n\n<p>A PGR sustenta que a liberdade dos citados representa risco \u00e0s investiga\u00e7\u00f5es e ressalta que o ex-governador Ricardo Coutinho \u00e9 l\u00edder de uma \u2018organiza\u00e7\u00e3o criminosa\u2019.<\/p>\n\n\n\n<p>Confira um trecho abaixo:<\/p>\n\n\n\n<figure class=\"wp-block-image\"><img decoding=\"async\" data-src=\"https:\/\/www.clickpb.com.br\/media\/filer_public\/1a\/7a\/1a7aa102-5e8b-4310-ba5d-843f0f333e3f\/mpf.jpg\" alt=\"\" src=\"data:image\/svg+xml;base64,PHN2ZyB3aWR0aD0iMSIgaGVpZ2h0PSIxIiB4bWxucz0iaHR0cDovL3d3dy53My5vcmcvMjAwMC9zdmciPjwvc3ZnPg==\" class=\"lazyload\" \/><\/figure>\n","protected":false},"excerpt":{"rendered":"<p>A Procuradoria-Geral da Rep\u00fablica (PGR) recorreu ao Supremo Tribunal Federal (STF) nesta sexta-feira (27), da decis\u00e3o do ministro Napole\u00e3o Maia, do Superior Tribunal de Justi\u00e7a&hellip; <\/p>\n","protected":false},"author":1,"featured_media":143545,"comment_status":"closed","ping_status":"closed","sticky":false,"template":"","format":"standard","meta":{"sfsi_plus_gutenberg_text_before_share":"","sfsi_plus_gutenberg_show_text_before_share":"","sfsi_plus_gutenberg_icon_type":"","sfsi_plus_gutenberg_icon_alignemt":"","sfsi_plus_gutenburg_max_per_row":"","footnotes":""},"categories":[11],"tags":[],"class_list":["post-143544","post","type-post","status-publish","format-standard","has-post-thumbnail","hentry","category-politica"],"_links":{"self":[{"href":"https:\/\/www.caririemacao.com\/1\/wp-json\/wp\/v2\/posts\/143544","targetHints":{"allow":["GET"]}}],"collection":[{"href":"https:\/\/www.caririemacao.com\/1\/wp-json\/wp\/v2\/posts"}],"about":[{"href":"https:\/\/www.caririemacao.com\/1\/wp-json\/wp\/v2\/types\/post"}],"author":[{"embeddable":true,"href":"https:\/\/www.caririemacao.com\/1\/wp-json\/wp\/v2\/users\/1"}],"replies":[{"embeddable":true,"href":"https:\/\/www.caririemacao.com\/1\/wp-json\/wp\/v2\/comments?post=143544"}],"version-history":[{"count":1,"href":"https:\/\/www.caririemacao.com\/1\/wp-json\/wp\/v2\/posts\/143544\/revisions"}],"predecessor-version":[{"id":143546,"href":"https:\/\/www.caririemacao.com\/1\/wp-json\/wp\/v2\/posts\/143544\/revisions\/143546"}],"wp:featuredmedia":[{"embeddable":true,"href":"https:\/\/www.caririemacao.com\/1\/wp-json\/wp\/v2\/media\/143545"}],"wp:attachment":[{"href":"https:\/\/www.caririemacao.com\/1\/wp-json\/wp\/v2\/media?parent=143544"}],"wp:term":[{"taxonomy":"category","embeddable":true,"href":"https:\/\/www.caririemacao.com\/1\/wp-json\/wp\/v2\/categories?post=143544"},{"taxonomy":"post_tag","embeddable":true,"href":"https:\/\/www.caririemacao.com\/1\/wp-json\/wp\/v2\/tags?post=143544"}],"curies":[{"name":"wp","href":"https:\/\/api.w.org\/{rel}","templated":true}]}}