{"id":143549,"date":"2019-12-29T10:50:47","date_gmt":"2019-12-29T13:50:47","guid":{"rendered":"http:\/\/www.caririemacao.com\/1\/?p=143549"},"modified":"2019-12-29T10:50:47","modified_gmt":"2019-12-29T13:50:47","slug":"maioria-dos-brasileiros-reprova-trabalho-do-stf","status":"publish","type":"post","link":"https:\/\/www.caririemacao.com\/1\/2019\/12\/29\/maioria-dos-brasileiros-reprova-trabalho-do-stf\/","title":{"rendered":"Maioria dos brasileiros reprova trabalho do STF"},"content":{"rendered":"\n<p>Pesquisa Datafolha, publicada neste domingo (29), aponta que 39% dos brasileiros reprovam o trabalho do Supremo Tribunal Federal (STF).<\/p>\n\n\n\n<p>A taxa dos que reprovam o tribunal \u00e9 o dobro da dos que aprovam, avaliando seu desempenho como \u00f3timo ou bom: 19%. Para 38%, o tribunal \u00e9 regular, e 4% n\u00e3o opinaram.<\/p>\n\n\n\n<p>Pela primeira vez o Datafolha realizou a pesquisa de avalia\u00e7\u00e3o do STF na mesma escala da dos outros Poderes.<\/p>\n\n\n\n<p>A margem de erro \u00e9 de dois pontos percentuais para mais ou para menos. Foram ouvidas 2.948 pessoas nos dias 5 e 6 de dezembro em 176 munic\u00edpios de todas as regi\u00f5es do pa\u00eds.<\/p>\n\n\n\n<p><strong>MaisPB<\/strong><\/p>\n","protected":false},"excerpt":{"rendered":"<p>Pesquisa Datafolha, publicada neste domingo (29), aponta que 39% dos brasileiros reprovam o trabalho do Supremo Tribunal Federal (STF). A taxa dos que reprovam o&hellip; <\/p>\n","protected":false},"author":1,"featured_media":95955,"comment_status":"closed","ping_status":"closed","sticky":false,"template":"","format":"standard","meta":{"sfsi_plus_gutenberg_text_before_share":"","sfsi_plus_gutenberg_show_text_before_share":"","sfsi_plus_gutenberg_icon_type":"","sfsi_plus_gutenberg_icon_alignemt":"","sfsi_plus_gutenburg_max_per_row":"","footnotes":""},"categories":[11],"tags":[],"class_list":["post-143549","post","type-post","status-publish","format-standard","has-post-thumbnail","hentry","category-politica"],"_links":{"self":[{"href":"https:\/\/www.caririemacao.com\/1\/wp-json\/wp\/v2\/posts\/143549","targetHints":{"allow":["GET"]}}],"collection":[{"href":"https:\/\/www.caririemacao.com\/1\/wp-json\/wp\/v2\/posts"}],"about":[{"href":"https:\/\/www.caririemacao.com\/1\/wp-json\/wp\/v2\/types\/post"}],"author":[{"embeddable":true,"href":"https:\/\/www.caririemacao.com\/1\/wp-json\/wp\/v2\/users\/1"}],"replies":[{"embeddable":true,"href":"https:\/\/www.caririemacao.com\/1\/wp-json\/wp\/v2\/comments?post=143549"}],"version-history":[{"count":1,"href":"https:\/\/www.caririemacao.com\/1\/wp-json\/wp\/v2\/posts\/143549\/revisions"}],"predecessor-version":[{"id":143550,"href":"https:\/\/www.caririemacao.com\/1\/wp-json\/wp\/v2\/posts\/143549\/revisions\/143550"}],"wp:featuredmedia":[{"embeddable":true,"href":"https:\/\/www.caririemacao.com\/1\/wp-json\/wp\/v2\/media\/95955"}],"wp:attachment":[{"href":"https:\/\/www.caririemacao.com\/1\/wp-json\/wp\/v2\/media?parent=143549"}],"wp:term":[{"taxonomy":"category","embeddable":true,"href":"https:\/\/www.caririemacao.com\/1\/wp-json\/wp\/v2\/categories?post=143549"},{"taxonomy":"post_tag","embeddable":true,"href":"https:\/\/www.caririemacao.com\/1\/wp-json\/wp\/v2\/tags?post=143549"}],"curies":[{"name":"wp","href":"https:\/\/api.w.org\/{rel}","templated":true}]}}