{"id":143552,"date":"2019-12-29T10:54:18","date_gmt":"2019-12-29T13:54:18","guid":{"rendered":"http:\/\/www.caririemacao.com\/1\/?p=143552"},"modified":"2019-12-29T10:54:18","modified_gmt":"2019-12-29T13:54:18","slug":"ufpb-oferta-49-vagas-para-mestrado-e-doutorado","status":"publish","type":"post","link":"https:\/\/www.caririemacao.com\/1\/2019\/12\/29\/ufpb-oferta-49-vagas-para-mestrado-e-doutorado\/","title":{"rendered":"UFPB oferta 49 vagas para mestrado e doutorado"},"content":{"rendered":"\n<p>O Programa de P\u00f3s-Gradua\u00e7\u00e3o em M\u00fasica da Universidade Federal da Para\u00edba (UFPB) oferta&nbsp;34 vagas para curso de mestrado e 15 para de doutorado.&nbsp;As inscri\u00e7\u00f5es devem ser realizadas pelo&nbsp;<a href=\"https:\/\/sigaa.ufpb.br\/sigaa\/public\/processo_seletivo\/lista.jsf?aba=p-processo&amp;nivel=S\">Sistema Integrado de Gest\u00e3o Acad\u00eamica (Sigaa)<\/a>&nbsp;da UFPB, no per\u00edodo de 9 a 13 de mar\u00e7o. A taxa \u00e9 de R$ 85,93.<\/p>\n\n\n\n<p>Do total de vagas oferecidas, 20% ser\u00e3o destinadas a candidatos autodeclarados ou oriundos da popula\u00e7\u00e3o negra, povos ind\u00edgenas, povos e comunidades tradicionais e pessoas com defici\u00eancia.<\/p>\n\n\n\n<p>Os projetos devem atender a uma destas cinco linhas de pesquisa: Processos e pr\u00e1ticas composicionais; Dimens\u00f5es te\u00f3ricas e pr\u00e1ticas da interpreta\u00e7\u00e3o musical; M\u00fasica, cultura e performance; Hist\u00f3ria, est\u00e9tica e fenomenologia da m\u00fasica; e Processos e pr\u00e1ticas educativo-musicais.<\/p>\n\n\n\n<p>Os processos seletivos consistir\u00e3o em quatro etapas: avalia\u00e7\u00e3o de pr\u00e9-projeto, avalia\u00e7\u00e3o de conhecimento de l\u00edngua estrangeira, prova pr\u00e1tica e an\u00e1lise de curr\u00edculo.&nbsp;O resultado final ser\u00e1 divulgado em 30 de junho, na&nbsp;<a href=\"http:\/\/www.ccta.ufpb.br\/ppgm\/contents\/noticias\/a-coordenacao-do-programa-de-pos-graduacao-em-musica-da-ufpb-divulga-os-editais-de-selecao-para-os-cursos-de-mestrado-e-doutorado-em-musica\">p\u00e1gina<\/a>&nbsp;do programa.<\/p>\n\n\n\n<p><strong>MaisPB<\/strong><\/p>\n","protected":false},"excerpt":{"rendered":"<p>O Programa de P\u00f3s-Gradua\u00e7\u00e3o em M\u00fasica da Universidade Federal da Para\u00edba (UFPB) oferta&nbsp;34 vagas para curso de mestrado e 15 para de doutorado.&nbsp;As inscri\u00e7\u00f5es devem&hellip; <\/p>\n","protected":false},"author":1,"featured_media":107121,"comment_status":"closed","ping_status":"closed","sticky":false,"template":"","format":"standard","meta":{"sfsi_plus_gutenberg_text_before_share":"","sfsi_plus_gutenberg_show_text_before_share":"","sfsi_plus_gutenberg_icon_type":"","sfsi_plus_gutenberg_icon_alignemt":"","sfsi_plus_gutenburg_max_per_row":"","footnotes":""},"categories":[14],"tags":[],"class_list":["post-143552","post","type-post","status-publish","format-standard","has-post-thumbnail","hentry","category-educacao"],"_links":{"self":[{"href":"https:\/\/www.caririemacao.com\/1\/wp-json\/wp\/v2\/posts\/143552","targetHints":{"allow":["GET"]}}],"collection":[{"href":"https:\/\/www.caririemacao.com\/1\/wp-json\/wp\/v2\/posts"}],"about":[{"href":"https:\/\/www.caririemacao.com\/1\/wp-json\/wp\/v2\/types\/post"}],"author":[{"embeddable":true,"href":"https:\/\/www.caririemacao.com\/1\/wp-json\/wp\/v2\/users\/1"}],"replies":[{"embeddable":true,"href":"https:\/\/www.caririemacao.com\/1\/wp-json\/wp\/v2\/comments?post=143552"}],"version-history":[{"count":1,"href":"https:\/\/www.caririemacao.com\/1\/wp-json\/wp\/v2\/posts\/143552\/revisions"}],"predecessor-version":[{"id":143553,"href":"https:\/\/www.caririemacao.com\/1\/wp-json\/wp\/v2\/posts\/143552\/revisions\/143553"}],"wp:featuredmedia":[{"embeddable":true,"href":"https:\/\/www.caririemacao.com\/1\/wp-json\/wp\/v2\/media\/107121"}],"wp:attachment":[{"href":"https:\/\/www.caririemacao.com\/1\/wp-json\/wp\/v2\/media?parent=143552"}],"wp:term":[{"taxonomy":"category","embeddable":true,"href":"https:\/\/www.caririemacao.com\/1\/wp-json\/wp\/v2\/categories?post=143552"},{"taxonomy":"post_tag","embeddable":true,"href":"https:\/\/www.caririemacao.com\/1\/wp-json\/wp\/v2\/tags?post=143552"}],"curies":[{"name":"wp","href":"https:\/\/api.w.org\/{rel}","templated":true}]}}