{"id":143556,"date":"2019-12-29T10:56:32","date_gmt":"2019-12-29T13:56:32","guid":{"rendered":"http:\/\/www.caririemacao.com\/1\/?p=143556"},"modified":"2019-12-29T10:56:32","modified_gmt":"2019-12-29T13:56:32","slug":"aparelho-de-tv-e-cestas-basicas-sao-roubados-de-psf-em-cidade-do-cariri","status":"publish","type":"post","link":"https:\/\/www.caririemacao.com\/1\/2019\/12\/29\/aparelho-de-tv-e-cestas-basicas-sao-roubados-de-psf-em-cidade-do-cariri\/","title":{"rendered":"Aparelho de TV e cestas b\u00e1sicas s\u00e3o roubados de PSF em cidade do Cariri"},"content":{"rendered":"\n<p>O PSF localizado no s\u00edtio Mulungu, zona rural de Monteiro, foi alvo de arrombamento.<\/p>\n\n\n\n<p>De acordo com informa\u00e7\u00f5es, os bandidos arrombaram a porta dos fundos, roubaram nove cestas b\u00e1sicas, um aparelho TV de LED, al\u00e9m de um Botij\u00e3o de G\u00e1s.<\/p>\n\n\n\n<p>O caso foi registrado na 14\u00aa Seccional de Pol\u00edcia Civil de Monteiro, onde ser\u00e1 investigado.<\/p>\n\n\n\n<p>OPIPOCO<\/p>\n","protected":false},"excerpt":{"rendered":"<p>O PSF localizado no s\u00edtio Mulungu, zona rural de Monteiro, foi alvo de arrombamento. De acordo com informa\u00e7\u00f5es, os bandidos arrombaram a porta dos fundos,&hellip; <\/p>\n","protected":false},"author":1,"featured_media":143557,"comment_status":"closed","ping_status":"closed","sticky":false,"template":"","format":"standard","meta":{"sfsi_plus_gutenberg_text_before_share":"","sfsi_plus_gutenberg_show_text_before_share":"","sfsi_plus_gutenberg_icon_type":"","sfsi_plus_gutenberg_icon_alignemt":"","sfsi_plus_gutenburg_max_per_row":"","footnotes":""},"categories":[12],"tags":[],"class_list":["post-143556","post","type-post","status-publish","format-standard","has-post-thumbnail","hentry","category-policia"],"_links":{"self":[{"href":"https:\/\/www.caririemacao.com\/1\/wp-json\/wp\/v2\/posts\/143556","targetHints":{"allow":["GET"]}}],"collection":[{"href":"https:\/\/www.caririemacao.com\/1\/wp-json\/wp\/v2\/posts"}],"about":[{"href":"https:\/\/www.caririemacao.com\/1\/wp-json\/wp\/v2\/types\/post"}],"author":[{"embeddable":true,"href":"https:\/\/www.caririemacao.com\/1\/wp-json\/wp\/v2\/users\/1"}],"replies":[{"embeddable":true,"href":"https:\/\/www.caririemacao.com\/1\/wp-json\/wp\/v2\/comments?post=143556"}],"version-history":[{"count":1,"href":"https:\/\/www.caririemacao.com\/1\/wp-json\/wp\/v2\/posts\/143556\/revisions"}],"predecessor-version":[{"id":143558,"href":"https:\/\/www.caririemacao.com\/1\/wp-json\/wp\/v2\/posts\/143556\/revisions\/143558"}],"wp:featuredmedia":[{"embeddable":true,"href":"https:\/\/www.caririemacao.com\/1\/wp-json\/wp\/v2\/media\/143557"}],"wp:attachment":[{"href":"https:\/\/www.caririemacao.com\/1\/wp-json\/wp\/v2\/media?parent=143556"}],"wp:term":[{"taxonomy":"category","embeddable":true,"href":"https:\/\/www.caririemacao.com\/1\/wp-json\/wp\/v2\/categories?post=143556"},{"taxonomy":"post_tag","embeddable":true,"href":"https:\/\/www.caririemacao.com\/1\/wp-json\/wp\/v2\/tags?post=143556"}],"curies":[{"name":"wp","href":"https:\/\/api.w.org\/{rel}","templated":true}]}}