{"id":143563,"date":"2019-12-30T07:37:09","date_gmt":"2019-12-30T10:37:09","guid":{"rendered":"http:\/\/www.caririemacao.com\/1\/?p=143563"},"modified":"2019-12-30T07:37:09","modified_gmt":"2019-12-30T10:37:09","slug":"papa-pede-que-familias-recolham-celulares-e-conversem-nas-refeicoes","status":"publish","type":"post","link":"https:\/\/www.caririemacao.com\/1\/2019\/12\/30\/papa-pede-que-familias-recolham-celulares-e-conversem-nas-refeicoes\/","title":{"rendered":"Papa pede que fam\u00edlias recolham celulares e conversem nas refei\u00e7\u00f5es"},"content":{"rendered":"\n<p>As fam\u00edlias devem retomar a comunica\u00e7\u00e3o dentro do lar, recolhendo o celular durante as refei\u00e7\u00f5es, disse neste domingo (29), no Vaticano, o Papa Francisco. Ele fez o pedido durante a \u00faltima ora\u00e7\u00e3o do&nbsp;<em>Angelus<\/em>&nbsp;de 2019.<\/p>\n\n\n\n<p>O pont\u00edfice convocou os fi\u00e9is a melhorar a comunica\u00e7\u00e3o dentro de casa. Ele sugeriu que a fam\u00edlia moderna siga o exemplo dos personagens b\u00edblicos Jesus, Maria e Jos\u00e9, que se ajudavam mutuamente.<\/p>\n\n\n\n<p>\u201cVoc\u00ea, em tua fam\u00edlia, sabe se comunicar, ou \u00e9 como aqueles jovens na mesa, cada um com o telefone celular, [que] est\u00e3o [trocando mensagens] em chats? Naquela mesa parece um sil\u00eancio, como se estivessem na missa, mas n\u00e3o se comunicam. Devemos retomar a comunica\u00e7\u00e3o em fam\u00edlia: os pais, os pais com os filhos, com os av\u00f3s, mas comunicar-se, com os irm\u00e3os, entre eles. Essa \u00e9 uma tarefa a ser feita hoje, precisamente no dia da Sagrada Fam\u00edlia\u201d, conclamou.<\/p>\n\n\n\n<p>No primeiro domingo ap\u00f3s o Natal, a Igreja Cat\u00f3lica celebra a festa da Sagrada Fam\u00edlia. Ao discursar na sacada da Bas\u00edlica de S\u00e3o Pedro, o papa pediu que os crist\u00e3os sigam o modelo da fam\u00edlia de Jesus.<\/p>\n\n\n\n<p>\u201cQue a Sagrada Fam\u00edlia possa ser modelo para nossas fam\u00edlias, para que pais e filhos se apoiem mutuamente na ades\u00e3o ao Evangelho, fundamento da santidade da fam\u00edlia\u201d, acrescentou.<\/p>\n\n\n\n<p>Em 2017, o papa havia criticado o uso de celulares durante a missa. Na ocasi\u00e3o, ele disse sentir-se triste quando fi\u00e9is e at\u00e9 bispos levantam o aparelho para fotografarem durante as celebra\u00e7\u00f5es religiosas.<\/p>\n\n\n\n<p>*&nbsp;<em>Com informa\u00e7\u00f5es da R\u00e1dio Vaticano<\/em><\/p>\n","protected":false},"excerpt":{"rendered":"<p>As fam\u00edlias devem retomar a comunica\u00e7\u00e3o dentro do lar, recolhendo o celular durante as refei\u00e7\u00f5es, disse neste domingo (29), no Vaticano, o Papa Francisco. Ele&hellip; <\/p>\n","protected":false},"author":1,"featured_media":54267,"comment_status":"closed","ping_status":"closed","sticky":false,"template":"","format":"standard","meta":{"sfsi_plus_gutenberg_text_before_share":"","sfsi_plus_gutenberg_show_text_before_share":"","sfsi_plus_gutenberg_icon_type":"","sfsi_plus_gutenberg_icon_alignemt":"","sfsi_plus_gutenburg_max_per_row":"","footnotes":""},"categories":[50,2],"tags":[],"class_list":["post-143563","post","type-post","status-publish","format-standard","has-post-thumbnail","hentry","category-destaque","category-geral"],"_links":{"self":[{"href":"https:\/\/www.caririemacao.com\/1\/wp-json\/wp\/v2\/posts\/143563","targetHints":{"allow":["GET"]}}],"collection":[{"href":"https:\/\/www.caririemacao.com\/1\/wp-json\/wp\/v2\/posts"}],"about":[{"href":"https:\/\/www.caririemacao.com\/1\/wp-json\/wp\/v2\/types\/post"}],"author":[{"embeddable":true,"href":"https:\/\/www.caririemacao.com\/1\/wp-json\/wp\/v2\/users\/1"}],"replies":[{"embeddable":true,"href":"https:\/\/www.caririemacao.com\/1\/wp-json\/wp\/v2\/comments?post=143563"}],"version-history":[{"count":1,"href":"https:\/\/www.caririemacao.com\/1\/wp-json\/wp\/v2\/posts\/143563\/revisions"}],"predecessor-version":[{"id":143565,"href":"https:\/\/www.caririemacao.com\/1\/wp-json\/wp\/v2\/posts\/143563\/revisions\/143565"}],"wp:featuredmedia":[{"embeddable":true,"href":"https:\/\/www.caririemacao.com\/1\/wp-json\/wp\/v2\/media\/54267"}],"wp:attachment":[{"href":"https:\/\/www.caririemacao.com\/1\/wp-json\/wp\/v2\/media?parent=143563"}],"wp:term":[{"taxonomy":"category","embeddable":true,"href":"https:\/\/www.caririemacao.com\/1\/wp-json\/wp\/v2\/categories?post=143563"},{"taxonomy":"post_tag","embeddable":true,"href":"https:\/\/www.caririemacao.com\/1\/wp-json\/wp\/v2\/tags?post=143563"}],"curies":[{"name":"wp","href":"https:\/\/api.w.org\/{rel}","templated":true}]}}