{"id":143567,"date":"2019-12-30T07:39:53","date_gmt":"2019-12-30T10:39:53","guid":{"rendered":"http:\/\/www.caririemacao.com\/1\/?p=143567"},"modified":"2019-12-30T07:39:53","modified_gmt":"2019-12-30T10:39:53","slug":"pacientes-com-fibromialgia-e-fadiga-cronica-podem-ter-atendimento-integral","status":"publish","type":"post","link":"https:\/\/www.caririemacao.com\/1\/2019\/12\/30\/pacientes-com-fibromialgia-e-fadiga-cronica-podem-ter-atendimento-integral\/","title":{"rendered":"Pacientes com fibromialgia e fadiga cr\u00f4nica podem ter atendimento integral"},"content":{"rendered":"\n<p><br>Pessoas acometidas por s\u00edndrome de fibromialgia ou fadiga cr\u00f4nica poder\u00e3o receber atendimento integral pelo Sistema \u00danico de Sa\u00fade (SUS). \u00c9 o que estabelece o Projeto de Lei (PL) 3.525\/2019, pronto para a pauta da Comiss\u00e3o de Assuntos Econ\u00f4micos (CAE).<\/p>\n\n\n\n<p>Pela proposta, da deputada federal Erika Kokay (PT-DF), o paciente receber\u00e1 atendimento integral pelo Sistema \u00danico de Sa\u00fade (SUS), que incluir\u00e1, no m\u00ednimo: atendimento multidisciplinar por equipe composta de profissionais das \u00e1reas de medicina, de psicologia, de nutri\u00e7\u00e3o e de fisioterapia; acesso a exames complementares; assist\u00eancia farmac\u00eautica; e acesso a modalidades terap\u00eauticas reconhecidas, inclusive fisioterapia e atividade f\u00edsica.<\/p>\n\n\n\n<p>O projeto estabelece, ainda, que a rela\u00e7\u00e3o dos exames, medicamentos e modalidades terap\u00eauticas de que trata a lei ser\u00e1 definida em regulamento.<\/p>\n\n\n\n<p><strong>Tratamento digno<\/strong><\/p>\n\n\n\n<p>Na CAE, o relator, senador Angelo Coronel (PSD-BA), apresentou relat\u00f3rio favor\u00e1vel \u00e0 proposta que, de acordo com ele, \u201ctem por objetivo principal assegurar acesso ao tratamento digno e efetivo \u00e0s pessoas atingidas pela fibromialgia ou fadiga cr\u00f4nica\u201d.<\/p>\n\n\n\n<p>Coronel tamb\u00e9m destacou que o projeto atende \u00e0s condi\u00e7\u00f5es de impacto econ\u00f4mico e n\u00e3o resultar\u00e1 em impactos financeiros, visto que o \u00f4nus do atendimento obrigat\u00f3rio \u00e0s pessoas acometidas por essas condi\u00e7\u00f5es ser\u00e1 repartido entre os entes federados.<\/p>\n\n\n\n<p>\u201cO custo do tratamento poder\u00e1 ser abarcado com a previs\u00e3o or\u00e7ament\u00e1ria do Minist\u00e9rio da Sa\u00fade, por exemplo, por meio da a\u00e7\u00e3o de Aten\u00e7\u00e3o \u00e0 Sa\u00fade da Popula\u00e7\u00e3o para Procedimentos em M\u00e9dia e Alta Complexidade.<\/p>\n\n\n\n<figure class=\"wp-block-image\"><img decoding=\"async\" data-src=\"https:\/\/paraibaonline.com.br\/wp-content\/uploads\/2019\/12\/Fibromialgia-567x376.jpg\" alt=\"Foto: Ag\u00eancia Senado\" class=\"wp-image-828029 lazyload\" src=\"data:image\/svg+xml;base64,PHN2ZyB3aWR0aD0iMSIgaGVpZ2h0PSIxIiB4bWxucz0iaHR0cDovL3d3dy53My5vcmcvMjAwMC9zdmciPjwvc3ZnPg==\" style=\"--smush-placeholder-width: 567px; --smush-placeholder-aspect-ratio: 567\/376;\" \/><\/figure>\n\n\n\n<p>Foto: Ag\u00eancia Senado<\/p>\n\n\n\n<p>De acordo com o projeto de lei or\u00e7ament\u00e1ria para o exerc\u00edcio de 2020, s\u00e3o previstos quase R$ 50 bilh\u00f5es para a referida a\u00e7\u00e3o, que podem ser alocados em diversos tratamentos, inclusive os relacionados \u00e0 s\u00edndrome da fibromialgia e \u00e0 fadiga cr\u00f4nica\u201d, defende o relator da proposi\u00e7\u00e3o.<\/p>\n\n\n\n<p>Ap\u00f3s a aprecia\u00e7\u00e3o da CAE, o PL 3.525\/2019 seguir\u00e1 para an\u00e1lise da Comiss\u00e3o de Assuntos Sociais (CAS).<\/p>\n\n\n\n<p><strong>Dados<\/strong><\/p>\n\n\n\n<p>De acordo com a Sociedade Brasileira de Reumatologia (SBR), a fibromialgia \u00e9 uma s\u00edndrome de causas que ainda carecem de esclarecimento, caracterizada por dor muscular cr\u00f4nica e generalizada, podendo durar at\u00e9 mais de tr\u00eas meses, acompanhada de sono n\u00e3o reparador e cansa\u00e7o. A s\u00edndrome, em certos casos, acarreta ansiedade, depress\u00e3o e altera\u00e7\u00f5es na concentra\u00e7\u00e3o e na mem\u00f3ria.<\/p>\n\n\n\n<p>Estima-se que cerca de 2,5% da popula\u00e7\u00e3o mundial sofrem com o problema, tendo incid\u00eancia mais relevante em mulheres entre 30 e 50 anos.<\/p>\n\n\n\n<p>J\u00e1 a s\u00edndrome da fadiga cr\u00f4nica \u00e9 identificada pelo cansa\u00e7o intenso com atividade f\u00edsica ou mental, mas sem melhora com o repouso, podendo acarretar dores de cabe\u00e7a, garganta, musculares e nas juntas, g\u00e2nglios e dificuldades na concentra\u00e7\u00e3o.<\/p>\n\n\n\n<p>Dados da Sociedade Brasileira de Cl\u00ednica M\u00e9dica (SBCM) indicam que 1,5% da popula\u00e7\u00e3o mundial convive com o cansa\u00e7o cr\u00f4nico.<\/p>\n\n\n\n<p>* Fonte: Ag\u00eancia Senado<\/p>\n","protected":false},"excerpt":{"rendered":"<p>Pessoas acometidas por s\u00edndrome de fibromialgia ou fadiga cr\u00f4nica poder\u00e3o receber atendimento integral pelo Sistema \u00danico de Sa\u00fade (SUS). \u00c9 o que estabelece o Projeto&hellip; <\/p>\n","protected":false},"author":1,"featured_media":143568,"comment_status":"closed","ping_status":"closed","sticky":false,"template":"","format":"standard","meta":{"sfsi_plus_gutenberg_text_before_share":"","sfsi_plus_gutenberg_show_text_before_share":"","sfsi_plus_gutenberg_icon_type":"","sfsi_plus_gutenberg_icon_alignemt":"","sfsi_plus_gutenburg_max_per_row":"","footnotes":""},"categories":[50,16],"tags":[],"class_list":["post-143567","post","type-post","status-publish","format-standard","has-post-thumbnail","hentry","category-destaque","category-saude"],"_links":{"self":[{"href":"https:\/\/www.caririemacao.com\/1\/wp-json\/wp\/v2\/posts\/143567","targetHints":{"allow":["GET"]}}],"collection":[{"href":"https:\/\/www.caririemacao.com\/1\/wp-json\/wp\/v2\/posts"}],"about":[{"href":"https:\/\/www.caririemacao.com\/1\/wp-json\/wp\/v2\/types\/post"}],"author":[{"embeddable":true,"href":"https:\/\/www.caririemacao.com\/1\/wp-json\/wp\/v2\/users\/1"}],"replies":[{"embeddable":true,"href":"https:\/\/www.caririemacao.com\/1\/wp-json\/wp\/v2\/comments?post=143567"}],"version-history":[{"count":1,"href":"https:\/\/www.caririemacao.com\/1\/wp-json\/wp\/v2\/posts\/143567\/revisions"}],"predecessor-version":[{"id":143569,"href":"https:\/\/www.caririemacao.com\/1\/wp-json\/wp\/v2\/posts\/143567\/revisions\/143569"}],"wp:featuredmedia":[{"embeddable":true,"href":"https:\/\/www.caririemacao.com\/1\/wp-json\/wp\/v2\/media\/143568"}],"wp:attachment":[{"href":"https:\/\/www.caririemacao.com\/1\/wp-json\/wp\/v2\/media?parent=143567"}],"wp:term":[{"taxonomy":"category","embeddable":true,"href":"https:\/\/www.caririemacao.com\/1\/wp-json\/wp\/v2\/categories?post=143567"},{"taxonomy":"post_tag","embeddable":true,"href":"https:\/\/www.caririemacao.com\/1\/wp-json\/wp\/v2\/tags?post=143567"}],"curies":[{"name":"wp","href":"https:\/\/api.w.org\/{rel}","templated":true}]}}