{"id":143577,"date":"2019-12-30T07:44:16","date_gmt":"2019-12-30T10:44:16","guid":{"rendered":"http:\/\/www.caririemacao.com\/1\/?p=143577"},"modified":"2019-12-30T07:45:08","modified_gmt":"2019-12-30T10:45:08","slug":"verdao-mantem-planos-para-continuar-reformulando-o-elenco","status":"publish","type":"post","link":"https:\/\/www.caririemacao.com\/1\/2019\/12\/30\/verdao-mantem-planos-para-continuar-reformulando-o-elenco\/","title":{"rendered":"Verd\u00e3o mant\u00e9m planos para continuar reformulando o elenco"},"content":{"rendered":"\n<p>O Palmeiras mant\u00e9m os planos de continuar reformulando o seu elenco. O clube j\u00e1 efetivou a sa\u00edda de quatro atletas e ainda quer negociar pelo menos mais cinco que estiveram no time em 2019 e, nos planos ideais, n\u00e3o estar\u00e3o na pr\u00f3xima temporada.<\/p>\n\n\n\n<p>Os primeiros a terem as sa\u00eddas confirmadas foram Fernando Prass, Edu Dracena, Ant\u00f4nio Carlos e Thiago Santos. S\u00f3 com esses quatro, a economia na folha salarial chega perto do R$ 1 milh\u00e3o por m\u00eas.<\/p>\n\n\n\n<p>A quinta sa\u00edda que deve ser confirmada em breve ser\u00e1 a de Artur. O Palmeiras j\u00e1 topou a proposta do Red Bull Bragantino e arrecadar\u00e1 mais de R$ 20 milh\u00f5es com a negocia\u00e7\u00e3o. O caso do atacante, no entanto, foi considerado uma surpresa e n\u00e3o estava nos planos da diretoria. O neg\u00f3cio s\u00f3 aconteceu porque a oferta foi considera muito boa.<\/p>\n\n\n\n<figure class=\"wp-block-image\"><img decoding=\"async\" data-src=\"https:\/\/paraibaonline.com.br\/wp-content\/uploads\/2019\/10\/PALMEIRAS-e-sampa-556x417.jpg\" alt=\"Foto: Cesar Greco\/Ag Palmeiras\/Divulga\u00e7\u00e3o\" class=\"wp-image-816131 lazyload\" src=\"data:image\/svg+xml;base64,PHN2ZyB3aWR0aD0iMSIgaGVpZ2h0PSIxIiB4bWxucz0iaHR0cDovL3d3dy53My5vcmcvMjAwMC9zdmciPjwvc3ZnPg==\" style=\"--smush-placeholder-width: 556px; --smush-placeholder-aspect-ratio: 556\/417;\" \/><\/figure>\n\n\n\n<p>Foto: Cesar Greco\/Ag Palmeiras\/Divulga\u00e7\u00e3o<\/p>\n\n\n\n<p>A lista dos que v\u00e3o sair ainda precisa aumentar para que os planos palmeirenses sejam cumpridos. O primeiro deles \u00e9 Miguel Borja. O atacante tem proposta do Junior Barranquilla e j\u00e1 manifestou interesse em atuar na Col\u00f4mbia. O Alviverde ainda tenta se proteger melhor na negocia\u00e7\u00e3o do atleta mais caro de sua hist\u00f3ria.<\/p>\n\n\n\n<p>Hyoran \u00e9 outro que deve deixar a Academia de Futebol. Ele renovou o seu contrato recentemente justamente para poder ser emprestado. H\u00e1 mais de um interessado e seu destino ainda \u00e9 incerto.<\/p>\n\n\n\n<p>A lista ainda tem atletas com as situa\u00e7\u00f5es menos claras que as dos dois citados acima. Deyverson, Carlos Eduardo, Jean e Victor Lu\u00eds s\u00e3o exemplos de atletas que n\u00e3o encontrar\u00e3o dificuldades para sair, caso boas propostas sejam apresentadas. Raphael Veiga estava nesta rela\u00e7\u00e3o, mas ele ficar\u00e1 a pedido de Vanderlei Luxemburgo.<\/p>\n\n\n\n<p>Ainda h\u00e1 casos de atletas como Bruno Henrique, Lucas Lima e Felipe Melo. Os tr\u00eas n\u00e3o est\u00e3o em uma lista de sa\u00eddas, mas uma proposta poderia fazer o Alviverde considerar as vendas.<\/p>\n","protected":false},"excerpt":{"rendered":"<p>O Palmeiras mant\u00e9m os planos de continuar reformulando o seu elenco. O clube j\u00e1 efetivou a sa\u00edda de quatro atletas e ainda quer negociar pelo&hellip; <\/p>\n","protected":false},"author":1,"featured_media":143583,"comment_status":"closed","ping_status":"closed","sticky":false,"template":"","format":"standard","meta":{"sfsi_plus_gutenberg_text_before_share":"","sfsi_plus_gutenberg_show_text_before_share":"","sfsi_plus_gutenberg_icon_type":"","sfsi_plus_gutenberg_icon_alignemt":"","sfsi_plus_gutenburg_max_per_row":"","footnotes":""},"categories":[13],"tags":[],"class_list":["post-143577","post","type-post","status-publish","format-standard","has-post-thumbnail","hentry","category-esportes"],"_links":{"self":[{"href":"https:\/\/www.caririemacao.com\/1\/wp-json\/wp\/v2\/posts\/143577","targetHints":{"allow":["GET"]}}],"collection":[{"href":"https:\/\/www.caririemacao.com\/1\/wp-json\/wp\/v2\/posts"}],"about":[{"href":"https:\/\/www.caririemacao.com\/1\/wp-json\/wp\/v2\/types\/post"}],"author":[{"embeddable":true,"href":"https:\/\/www.caririemacao.com\/1\/wp-json\/wp\/v2\/users\/1"}],"replies":[{"embeddable":true,"href":"https:\/\/www.caririemacao.com\/1\/wp-json\/wp\/v2\/comments?post=143577"}],"version-history":[{"count":1,"href":"https:\/\/www.caririemacao.com\/1\/wp-json\/wp\/v2\/posts\/143577\/revisions"}],"predecessor-version":[{"id":143579,"href":"https:\/\/www.caririemacao.com\/1\/wp-json\/wp\/v2\/posts\/143577\/revisions\/143579"}],"wp:featuredmedia":[{"embeddable":true,"href":"https:\/\/www.caririemacao.com\/1\/wp-json\/wp\/v2\/media\/143583"}],"wp:attachment":[{"href":"https:\/\/www.caririemacao.com\/1\/wp-json\/wp\/v2\/media?parent=143577"}],"wp:term":[{"taxonomy":"category","embeddable":true,"href":"https:\/\/www.caririemacao.com\/1\/wp-json\/wp\/v2\/categories?post=143577"},{"taxonomy":"post_tag","embeddable":true,"href":"https:\/\/www.caririemacao.com\/1\/wp-json\/wp\/v2\/tags?post=143577"}],"curies":[{"name":"wp","href":"https:\/\/api.w.org\/{rel}","templated":true}]}}