{"id":143588,"date":"2019-12-30T07:46:40","date_gmt":"2019-12-30T10:46:40","guid":{"rendered":"http:\/\/www.caririemacao.com\/1\/?p=143588"},"modified":"2019-12-30T07:46:40","modified_gmt":"2019-12-30T10:46:40","slug":"meta-do-flamengo-e-manter-base-campea-da-libertadores-e-do-brasileiro","status":"publish","type":"post","link":"https:\/\/www.caririemacao.com\/1\/2019\/12\/30\/meta-do-flamengo-e-manter-base-campea-da-libertadores-e-do-brasileiro\/","title":{"rendered":"Meta do Flamengo \u00e9 manter base campe\u00e3 da Libertadores e do Brasileiro"},"content":{"rendered":"\n<p>Ap\u00f3s uma temporada inesquec\u00edvel para o torcedor do Flamengo, o clube se preocupa mais em manter o time vencedor do Campeonato Brasileiro e da Libertadores do que em contratar em quantidade no mercado da bola. Para isso, a diretoria confia nos acordos que fez ao montar o elenco profissional da equipe.<\/p>\n\n\n\n<p>Ainda n\u00e3o existe nenhuma negocia\u00e7\u00e3o efetiva para que algum jogador deixe o Flamengo. Nomes relevantes do time atraem interessados, mas o clube v\u00ea os contratos mais longos e as altas multas rescis\u00f3rias como trunfos para a manuten\u00e7\u00e3o dos seus astros.<\/p>\n\n\n\n<p>Exce\u00e7\u00e3o feita a Gabigol, cujo v\u00ednculo termina no dia 31 de dezembro, os jogadores considerados titulares t\u00eam contratos de longa dura\u00e7\u00e3o com o Flamengo.<\/p>\n\n\n\n<p>Neste cen\u00e1rio, n\u00e3o h\u00e1 renova\u00e7\u00f5es importantes pendentes para o momento. \u00daltimo a prorrogar sua estadia na G\u00e1vea, Everton Ribeiro estendeu seu contrato at\u00e9 2023.<\/p>\n\n\n\n<p>Pe\u00e7as que podem ser alvo da cobi\u00e7a internacional, Bruno Henrique e Arrascaeta est\u00e3o vinculados ao Flamengo at\u00e9 2021 e 2023, respectivamente. Outro jogador com valor de mercado, Rodrigo Caio assinou at\u00e9 2023, mesmo ano em que termina o contrato de Gerson.<\/p>\n\n\n\n<p>Diego e Diego Alves est\u00e3o garantidos no clube at\u00e9 o \u00faltimo dia do ano que vem e devem ter suas situa\u00e7\u00f5es discutidas a partir dos primeiros meses de 2020. S\u00f3 uma mudan\u00e7a radical de cen\u00e1rio faria com que o Flamengo abrisse m\u00e3o de duas de suas principais lideran\u00e7as no vesti\u00e1rio.<\/p>\n\n\n\n<p>N\u00e3o bastasse o conforto dos acordos prolongados, a diretoria ainda tem a seguran\u00e7a das caras multas rescis\u00f3rias para manter seus astros. Bruno Henrique (R$ 140 milh\u00f5es) e Reinier (R$ 156 milh\u00f5es) s\u00e3o exemplos desta realidade do Flamengo, que vive situa\u00e7\u00e3o financeira confort\u00e1vel e tem poder de fogo para barganhar pela perman\u00eancia de seus ativos.<\/p>\n\n\n\n<p>Sem desespero para contratar, o Flamengo busca at\u00e9 quatro refor\u00e7os que possam equilibrar o elenco. Pedro Rocha j\u00e1 est\u00e1 contratado e foi anunciado. O zagueiro Gustavo Henrique j\u00e1 fechou, mas ainda h\u00e1 detalhes burocr\u00e1ticos que impedem sua oficializa\u00e7\u00e3o. A dire\u00e7\u00e3o busca especialmente um lateral direito, um volante e um atacante.<\/p>\n","protected":false},"excerpt":{"rendered":"<p>Ap\u00f3s uma temporada inesquec\u00edvel para o torcedor do Flamengo, o clube se preocupa mais em manter o time vencedor do Campeonato Brasileiro e da Libertadores&hellip; <\/p>\n","protected":false},"author":1,"featured_media":137603,"comment_status":"closed","ping_status":"closed","sticky":false,"template":"","format":"standard","meta":{"sfsi_plus_gutenberg_text_before_share":"","sfsi_plus_gutenberg_show_text_before_share":"","sfsi_plus_gutenberg_icon_type":"","sfsi_plus_gutenberg_icon_alignemt":"","sfsi_plus_gutenburg_max_per_row":"","footnotes":""},"categories":[13],"tags":[],"class_list":["post-143588","post","type-post","status-publish","format-standard","has-post-thumbnail","hentry","category-esportes"],"_links":{"self":[{"href":"https:\/\/www.caririemacao.com\/1\/wp-json\/wp\/v2\/posts\/143588","targetHints":{"allow":["GET"]}}],"collection":[{"href":"https:\/\/www.caririemacao.com\/1\/wp-json\/wp\/v2\/posts"}],"about":[{"href":"https:\/\/www.caririemacao.com\/1\/wp-json\/wp\/v2\/types\/post"}],"author":[{"embeddable":true,"href":"https:\/\/www.caririemacao.com\/1\/wp-json\/wp\/v2\/users\/1"}],"replies":[{"embeddable":true,"href":"https:\/\/www.caririemacao.com\/1\/wp-json\/wp\/v2\/comments?post=143588"}],"version-history":[{"count":1,"href":"https:\/\/www.caririemacao.com\/1\/wp-json\/wp\/v2\/posts\/143588\/revisions"}],"predecessor-version":[{"id":143591,"href":"https:\/\/www.caririemacao.com\/1\/wp-json\/wp\/v2\/posts\/143588\/revisions\/143591"}],"wp:featuredmedia":[{"embeddable":true,"href":"https:\/\/www.caririemacao.com\/1\/wp-json\/wp\/v2\/media\/137603"}],"wp:attachment":[{"href":"https:\/\/www.caririemacao.com\/1\/wp-json\/wp\/v2\/media?parent=143588"}],"wp:term":[{"taxonomy":"category","embeddable":true,"href":"https:\/\/www.caririemacao.com\/1\/wp-json\/wp\/v2\/categories?post=143588"},{"taxonomy":"post_tag","embeddable":true,"href":"https:\/\/www.caririemacao.com\/1\/wp-json\/wp\/v2\/tags?post=143588"}],"curies":[{"name":"wp","href":"https:\/\/api.w.org\/{rel}","templated":true}]}}