{"id":143596,"date":"2019-12-30T07:54:46","date_gmt":"2019-12-30T10:54:46","guid":{"rendered":"http:\/\/www.caririemacao.com\/1\/?p=143596"},"modified":"2019-12-30T07:54:46","modified_gmt":"2019-12-30T10:54:46","slug":"cnj-lanca-consulta-publica-sobre-juiz-de-garantias","status":"publish","type":"post","link":"https:\/\/www.caririemacao.com\/1\/2019\/12\/30\/cnj-lanca-consulta-publica-sobre-juiz-de-garantias\/","title":{"rendered":"CNJ lan\u00e7a consulta p\u00fablica sobre juiz de garantias"},"content":{"rendered":"\n<p> O Conselho Nacional de Justi\u00e7a (CNJ), respons\u00e1vel por criar normas para o sistema judici\u00e1rio, vai lan\u00e7ar nesta segunda-feira (30) uma consulta p\u00fablica sobre a cria\u00e7\u00e3o da figura do juiz de garantias. O projeto de lei \u00e9 alvo de d\u00favidas e questionamentos no Congresso e em tribunais superiores.<\/p>\n\n\n\n<p>A ideia \u00e9 ouvir a opini\u00e3o de tribunais, ju\u00edzes, associa\u00e7\u00f5es de magistrados, Conselho Nacional do Minist\u00e9rio P\u00fablico (CNMP), Ordem dos Advogados do Brasil (OAB) e a Defensoria P\u00fablica da Uni\u00e3o (DPU). A consulta estar\u00e1 aberta no site do CNJ at\u00e9 10 de janeiro.<\/p>\n\n\n\n<p>De acordo com lei aprovada pelo Congresso e sancionada pelo presidente Jair Bolsonaro na \u00faltima quarta-feira (24), um juiz dever\u00e1 conduzir a investiga\u00e7\u00e3o criminal, em rela\u00e7\u00e3o \u00e0s medidas necess\u00e1rias para o andamento do caso at\u00e9 o recebimento da den\u00fancia, e outro magistrado ficar\u00e1 com o julgamento do processo.<\/p>\n\n\n\n<p>Diante das diverg\u00eancias sobre o assunto, o presidente do Supremo Tribunal Federal (STF) e do CNJ, Dias Toffoli, criou na quinta-feira (26) um grupo de trabalho para elaborar um estudo e apresentar, at\u00e9 15 de janeiro, sugest\u00f5es para regulamentar o texto.<\/p>\n\n\n\n<p>Um integrante do grupo ouvido reservadamente pela reportagem diz que a institui\u00e7\u00e3o do juiz de garantias n\u00e3o retroage, j\u00e1 que as inova\u00e7\u00f5es de direito penal mais &#8220;gravosas&#8221; n\u00e3o s\u00e3o retroativas.<\/p>\n\n\n\n<p>Nos bastidores de tribunais superiores, a lei anticrime j\u00e1 \u00e9 chamada de &#8220;um Frankenstein&#8221; que vai ganhar vida pr\u00f3pria em 30 dias, prazo fixado para que a lei entre em vigor em todo o pa\u00eds.<\/p>\n","protected":false},"excerpt":{"rendered":"<p>O Conselho Nacional de Justi\u00e7a (CNJ), respons\u00e1vel por criar normas para o sistema judici\u00e1rio, vai lan\u00e7ar nesta segunda-feira (30) uma consulta p\u00fablica sobre a cria\u00e7\u00e3o&hellip; <\/p>\n","protected":false},"author":1,"featured_media":143598,"comment_status":"closed","ping_status":"closed","sticky":false,"template":"","format":"standard","meta":{"sfsi_plus_gutenberg_text_before_share":"","sfsi_plus_gutenberg_show_text_before_share":"","sfsi_plus_gutenberg_icon_type":"","sfsi_plus_gutenberg_icon_alignemt":"","sfsi_plus_gutenburg_max_per_row":"","footnotes":""},"categories":[2],"tags":[],"class_list":["post-143596","post","type-post","status-publish","format-standard","has-post-thumbnail","hentry","category-geral"],"_links":{"self":[{"href":"https:\/\/www.caririemacao.com\/1\/wp-json\/wp\/v2\/posts\/143596","targetHints":{"allow":["GET"]}}],"collection":[{"href":"https:\/\/www.caririemacao.com\/1\/wp-json\/wp\/v2\/posts"}],"about":[{"href":"https:\/\/www.caririemacao.com\/1\/wp-json\/wp\/v2\/types\/post"}],"author":[{"embeddable":true,"href":"https:\/\/www.caririemacao.com\/1\/wp-json\/wp\/v2\/users\/1"}],"replies":[{"embeddable":true,"href":"https:\/\/www.caririemacao.com\/1\/wp-json\/wp\/v2\/comments?post=143596"}],"version-history":[{"count":1,"href":"https:\/\/www.caririemacao.com\/1\/wp-json\/wp\/v2\/posts\/143596\/revisions"}],"predecessor-version":[{"id":143599,"href":"https:\/\/www.caririemacao.com\/1\/wp-json\/wp\/v2\/posts\/143596\/revisions\/143599"}],"wp:featuredmedia":[{"embeddable":true,"href":"https:\/\/www.caririemacao.com\/1\/wp-json\/wp\/v2\/media\/143598"}],"wp:attachment":[{"href":"https:\/\/www.caririemacao.com\/1\/wp-json\/wp\/v2\/media?parent=143596"}],"wp:term":[{"taxonomy":"category","embeddable":true,"href":"https:\/\/www.caririemacao.com\/1\/wp-json\/wp\/v2\/categories?post=143596"},{"taxonomy":"post_tag","embeddable":true,"href":"https:\/\/www.caririemacao.com\/1\/wp-json\/wp\/v2\/tags?post=143596"}],"curies":[{"name":"wp","href":"https:\/\/api.w.org\/{rel}","templated":true}]}}