{"id":143611,"date":"2019-12-30T07:58:51","date_gmt":"2019-12-30T10:58:51","guid":{"rendered":"http:\/\/www.caririemacao.com\/1\/?p=143611"},"modified":"2019-12-30T07:58:51","modified_gmt":"2019-12-30T10:58:51","slug":"apresentador-da-globo-nordeste-marcio-bonfim-estreia-no-fantastico","status":"publish","type":"post","link":"https:\/\/www.caririemacao.com\/1\/2019\/12\/30\/apresentador-da-globo-nordeste-marcio-bonfim-estreia-no-fantastico\/","title":{"rendered":"Apresentador da Globo Nordeste, M\u00e1rcio Bonfim estreia no Fant\u00e1stico"},"content":{"rendered":"\n<p>\u00a0 A edi\u00e7\u00e3o deste domingo (29) do Fant\u00e1stico vai trazer novidades para os telespectadores da Globo. A emissora carioca escalou o jornalista M\u00e1rcio Bonfim para substituir Tadeu Schmidt na apresenta\u00e7\u00e3o do dominical.<br><\/p>\n\n\n\n<p>Ele passar\u00e1 a ser o substituto fixo de Schmidt no programa. Essa \u00e9 a primeira vez que o canal escolhe um profissional de fora do Rio de Janeiro, S\u00e3o Paulo ou Bras\u00edlia. Bonfim faz parte da Globo Nordeste, em Recife, onde apresenta o NE1.<\/p>\n\n\n\n<p>No final do m\u00eas de agosto, M\u00e1rcio fez a estreia do rod\u00edzio especial de 50 anos do Jornal Nacional. Naquela ocasi\u00e3o, jornalistas de todos os estados apresentaram o telejornal mais assistido do pa\u00eds. O recifense fez dupla com Cristina Ranzolin, do Rio Grande do Sul.<\/p>\n\n\n\n<p>A carreira dele, ali\u00e1s, est\u00e1 deslanchando na Globo desde que foi escolhido para participar do especial do JN. Tanto que ele passar\u00e1 a integrar a partir de janeiro a escala fixa de plantonistas da atra\u00e7\u00e3o, que substitui os \u00e2ncoras aos s\u00e1bados.<\/p>\n","protected":false},"excerpt":{"rendered":"<p>\u00a0 A edi\u00e7\u00e3o deste domingo (29) do Fant\u00e1stico vai trazer novidades para os telespectadores da Globo. A emissora carioca escalou o jornalista M\u00e1rcio Bonfim para&hellip; <\/p>\n","protected":false},"author":1,"featured_media":143612,"comment_status":"closed","ping_status":"closed","sticky":false,"template":"","format":"standard","meta":{"sfsi_plus_gutenberg_text_before_share":"","sfsi_plus_gutenberg_show_text_before_share":"","sfsi_plus_gutenberg_icon_type":"","sfsi_plus_gutenberg_icon_alignemt":"","sfsi_plus_gutenburg_max_per_row":"","footnotes":""},"categories":[2],"tags":[],"class_list":["post-143611","post","type-post","status-publish","format-standard","has-post-thumbnail","hentry","category-geral"],"_links":{"self":[{"href":"https:\/\/www.caririemacao.com\/1\/wp-json\/wp\/v2\/posts\/143611","targetHints":{"allow":["GET"]}}],"collection":[{"href":"https:\/\/www.caririemacao.com\/1\/wp-json\/wp\/v2\/posts"}],"about":[{"href":"https:\/\/www.caririemacao.com\/1\/wp-json\/wp\/v2\/types\/post"}],"author":[{"embeddable":true,"href":"https:\/\/www.caririemacao.com\/1\/wp-json\/wp\/v2\/users\/1"}],"replies":[{"embeddable":true,"href":"https:\/\/www.caririemacao.com\/1\/wp-json\/wp\/v2\/comments?post=143611"}],"version-history":[{"count":1,"href":"https:\/\/www.caririemacao.com\/1\/wp-json\/wp\/v2\/posts\/143611\/revisions"}],"predecessor-version":[{"id":143613,"href":"https:\/\/www.caririemacao.com\/1\/wp-json\/wp\/v2\/posts\/143611\/revisions\/143613"}],"wp:featuredmedia":[{"embeddable":true,"href":"https:\/\/www.caririemacao.com\/1\/wp-json\/wp\/v2\/media\/143612"}],"wp:attachment":[{"href":"https:\/\/www.caririemacao.com\/1\/wp-json\/wp\/v2\/media?parent=143611"}],"wp:term":[{"taxonomy":"category","embeddable":true,"href":"https:\/\/www.caririemacao.com\/1\/wp-json\/wp\/v2\/categories?post=143611"},{"taxonomy":"post_tag","embeddable":true,"href":"https:\/\/www.caririemacao.com\/1\/wp-json\/wp\/v2\/tags?post=143611"}],"curies":[{"name":"wp","href":"https:\/\/api.w.org\/{rel}","templated":true}]}}