{"id":143614,"date":"2019-12-30T08:00:17","date_gmt":"2019-12-30T11:00:17","guid":{"rendered":"http:\/\/www.caririemacao.com\/1\/?p=143614"},"modified":"2019-12-30T08:00:17","modified_gmt":"2019-12-30T11:00:17","slug":"hemocentro-alerta-para-urgencia-na-doacao-de-sangue-devido-aos-feriados-de-fim-de-ano","status":"publish","type":"post","link":"https:\/\/www.caririemacao.com\/1\/2019\/12\/30\/hemocentro-alerta-para-urgencia-na-doacao-de-sangue-devido-aos-feriados-de-fim-de-ano\/","title":{"rendered":"Hemocentro alerta para urg\u00eancia na doa\u00e7\u00e3o de sangue devido aos feriados de fim de ano"},"content":{"rendered":"\n<p>O Hemocentro da Para\u00edba refor\u00e7a campanha de doa\u00e7\u00e3o de sangue para manter seu estoque e renova o apelo aos doadores neste final de ano. A unidade necessita de todos os tipos sangu\u00edneos, a fim de manter o estoque para atender a demanda imediata.<\/p>\n\n\n\n<p>Devido a decreta\u00e7\u00e3o de ponto facultativo nas reparti\u00e7\u00f5es p\u00fablicas nos dias 30 e 31 de dezembro, o Hemocentro funcionar\u00e1 excepcionalmente nesta segunda (30) e ter\u00e7a-feira (31), das 7h \u00e0s 12h, para o atendimento aos candidatos \u00e0 doa\u00e7\u00e3o de sangue, sendo fechado na quarta-feira (1\u00b0 de janeiro). As atividades normais ser\u00e3o retomadas na quinta-feira (2).&nbsp;<\/p>\n\n\n\n<p>Vale lembrar que, apesar dos hor\u00e1rios especiais para o atendimento a candidatos \u00e0 doa\u00e7\u00e3o, o setor de distribui\u00e7\u00e3o de hemocomponentes para as unidades de sa\u00fade permanece funcionando sem interrup\u00e7\u00f5es, 24 horas por dia, atendendo as solicita\u00e7\u00f5es das unidades de sa\u00fade.<br>&nbsp;<br>Ap\u00f3s os eventos festivos de final de ano, o Hemocentro seguir\u00e1 funcionando de segunda a sexta, das 7h \u00e0s 17h30 e aos s\u00e1bados das 7h \u00e0s 12h.<\/p>\n\n\n\n<p>Para doar sangue \u00e9 preciso apresentar documento de identidade com foto, ter boas condi\u00e7\u00f5es de sa\u00fade, peso superior a 50 kg, idade entre 16 e 69 anos, estar alimentado e n\u00e3o ter ingerido alimentos gordurosos nas \u00faltimas tr\u00eas horas nem bebida alc\u00f3olica nas \u00faltimas 12h.&nbsp;<\/p>\n\n\n\n<p>Menores de 18 anos devem comparecer com o respons\u00e1vel legal. O intervalo entre uma doa\u00e7\u00e3o e outra \u00e9 de 60 dias para homens e 90 dias para mulheres.<\/p>\n\n\n\n<p>A inten\u00e7\u00e3o \u00e9 sensibilizar a popula\u00e7\u00e3o da import\u00e2ncia do ato de doar sangue regularmente e, ao mesmo tempo, formar um grupo de doadores fidelizados.<\/p>\n","protected":false},"excerpt":{"rendered":"<p>O Hemocentro da Para\u00edba refor\u00e7a campanha de doa\u00e7\u00e3o de sangue para manter seu estoque e renova o apelo aos doadores neste final de ano. A&hellip; <\/p>\n","protected":false},"author":1,"featured_media":143615,"comment_status":"closed","ping_status":"closed","sticky":false,"template":"","format":"standard","meta":{"sfsi_plus_gutenberg_text_before_share":"","sfsi_plus_gutenberg_show_text_before_share":"","sfsi_plus_gutenberg_icon_type":"","sfsi_plus_gutenberg_icon_alignemt":"","sfsi_plus_gutenburg_max_per_row":"","footnotes":""},"categories":[16],"tags":[],"class_list":["post-143614","post","type-post","status-publish","format-standard","has-post-thumbnail","hentry","category-saude"],"_links":{"self":[{"href":"https:\/\/www.caririemacao.com\/1\/wp-json\/wp\/v2\/posts\/143614","targetHints":{"allow":["GET"]}}],"collection":[{"href":"https:\/\/www.caririemacao.com\/1\/wp-json\/wp\/v2\/posts"}],"about":[{"href":"https:\/\/www.caririemacao.com\/1\/wp-json\/wp\/v2\/types\/post"}],"author":[{"embeddable":true,"href":"https:\/\/www.caririemacao.com\/1\/wp-json\/wp\/v2\/users\/1"}],"replies":[{"embeddable":true,"href":"https:\/\/www.caririemacao.com\/1\/wp-json\/wp\/v2\/comments?post=143614"}],"version-history":[{"count":1,"href":"https:\/\/www.caririemacao.com\/1\/wp-json\/wp\/v2\/posts\/143614\/revisions"}],"predecessor-version":[{"id":143616,"href":"https:\/\/www.caririemacao.com\/1\/wp-json\/wp\/v2\/posts\/143614\/revisions\/143616"}],"wp:featuredmedia":[{"embeddable":true,"href":"https:\/\/www.caririemacao.com\/1\/wp-json\/wp\/v2\/media\/143615"}],"wp:attachment":[{"href":"https:\/\/www.caririemacao.com\/1\/wp-json\/wp\/v2\/media?parent=143614"}],"wp:term":[{"taxonomy":"category","embeddable":true,"href":"https:\/\/www.caririemacao.com\/1\/wp-json\/wp\/v2\/categories?post=143614"},{"taxonomy":"post_tag","embeddable":true,"href":"https:\/\/www.caririemacao.com\/1\/wp-json\/wp\/v2\/tags?post=143614"}],"curies":[{"name":"wp","href":"https:\/\/api.w.org\/{rel}","templated":true}]}}