{"id":143627,"date":"2019-12-30T08:10:19","date_gmt":"2019-12-30T11:10:19","guid":{"rendered":"http:\/\/www.caririemacao.com\/1\/?p=143627"},"modified":"2019-12-30T08:10:19","modified_gmt":"2019-12-30T11:10:19","slug":"alianca-pelo-brasil-coleta-assinaturas-para-criacao-do-partido-em-joao-pessoa-e-campina-grande","status":"publish","type":"post","link":"https:\/\/www.caririemacao.com\/1\/2019\/12\/30\/alianca-pelo-brasil-coleta-assinaturas-para-criacao-do-partido-em-joao-pessoa-e-campina-grande\/","title":{"rendered":"Alian\u00e7a pelo Brasil coleta assinaturas para cria\u00e7\u00e3o do partido em Jo\u00e3o Pessoa e Campina Grande"},"content":{"rendered":"\n<p>Ap\u00f3s a frustra\u00e7\u00e3o de perceber que n\u00e3o seria poss\u00edvel conseguir em tempo h\u00e1bil, pela internet, as assinaturas para a cria\u00e7\u00e3o do partido Alian\u00e7a pelo Brasil, ativistas recolher\u00e3o assinaturas em Jo\u00e3o Pessoa e Campina Grande nesta segunda-feira (30).<\/p>\n\n\n\n<p>Em Jo\u00e3o Pessoa, a coleta de assinaturas ser\u00e1 realizada das 8h \u00e0s 16h, no cart\u00f3rio Azevedo Bastos, pr\u00f3ximo a Faculdade Maur\u00edcio de Nassau, na Avenida Epit\u00e1cio Pessoa. &nbsp;<\/p>\n\n\n\n<p>J\u00e1 em Campina Grande, a coleta ocorre no mesmo hor\u00e1rio, na Pra\u00e7a da Bandeira, no Centro.<\/p>\n\n\n\n<p>O partido Alian\u00e7a pelo Brasil foi idealizado pelo presidente Jair Bolsonaro, ap\u00f3s os desentendimentos que culminaram com a sa\u00edda dele, e de diverosos apoiadores, do PSL. A princ\u00edpio, o partido pretendia recolher as 500 mil assinaturas necess\u00e1rias para a sua cria\u00e7\u00e3o pela internet.<\/p>\n\n\n\n<p>O Tribunal Superior Eleitoral (TSE) considerou que a coleta de assinaturas online \u00e9 poss\u00edvel, mas a regulamenta\u00e7\u00e3o deve demorar para acontecer, o que levou o partido a tentar completar a coleta de assinaturas pelo m\u00e9todo tradicional.<\/p>\n\n\n\n<figure class=\"wp-block-image\"><img decoding=\"async\" data-src=\"https:\/\/www.clickpb.com.br\/media\/filer_public\/a8\/51\/a85133af-b8cc-4930-88f9-5e108a61e50d\/whatsapp_image_2019-12-29_at_083836.jpeg\" alt=\"\" src=\"data:image\/svg+xml;base64,PHN2ZyB3aWR0aD0iMSIgaGVpZ2h0PSIxIiB4bWxucz0iaHR0cDovL3d3dy53My5vcmcvMjAwMC9zdmciPjwvc3ZnPg==\" class=\"lazyload\" \/><\/figure>\n","protected":false},"excerpt":{"rendered":"<p>Ap\u00f3s a frustra\u00e7\u00e3o de perceber que n\u00e3o seria poss\u00edvel conseguir em tempo h\u00e1bil, pela internet, as assinaturas para a cria\u00e7\u00e3o do partido Alian\u00e7a pelo Brasil,&hellip; <\/p>\n","protected":false},"author":1,"featured_media":143630,"comment_status":"closed","ping_status":"closed","sticky":false,"template":"","format":"standard","meta":{"sfsi_plus_gutenberg_text_before_share":"","sfsi_plus_gutenberg_show_text_before_share":"","sfsi_plus_gutenberg_icon_type":"","sfsi_plus_gutenberg_icon_alignemt":"","sfsi_plus_gutenburg_max_per_row":"","footnotes":""},"categories":[11],"tags":[],"class_list":["post-143627","post","type-post","status-publish","format-standard","has-post-thumbnail","hentry","category-politica"],"_links":{"self":[{"href":"https:\/\/www.caririemacao.com\/1\/wp-json\/wp\/v2\/posts\/143627","targetHints":{"allow":["GET"]}}],"collection":[{"href":"https:\/\/www.caririemacao.com\/1\/wp-json\/wp\/v2\/posts"}],"about":[{"href":"https:\/\/www.caririemacao.com\/1\/wp-json\/wp\/v2\/types\/post"}],"author":[{"embeddable":true,"href":"https:\/\/www.caririemacao.com\/1\/wp-json\/wp\/v2\/users\/1"}],"replies":[{"embeddable":true,"href":"https:\/\/www.caririemacao.com\/1\/wp-json\/wp\/v2\/comments?post=143627"}],"version-history":[{"count":1,"href":"https:\/\/www.caririemacao.com\/1\/wp-json\/wp\/v2\/posts\/143627\/revisions"}],"predecessor-version":[{"id":143631,"href":"https:\/\/www.caririemacao.com\/1\/wp-json\/wp\/v2\/posts\/143627\/revisions\/143631"}],"wp:featuredmedia":[{"embeddable":true,"href":"https:\/\/www.caririemacao.com\/1\/wp-json\/wp\/v2\/media\/143630"}],"wp:attachment":[{"href":"https:\/\/www.caririemacao.com\/1\/wp-json\/wp\/v2\/media?parent=143627"}],"wp:term":[{"taxonomy":"category","embeddable":true,"href":"https:\/\/www.caririemacao.com\/1\/wp-json\/wp\/v2\/categories?post=143627"},{"taxonomy":"post_tag","embeddable":true,"href":"https:\/\/www.caririemacao.com\/1\/wp-json\/wp\/v2\/tags?post=143627"}],"curies":[{"name":"wp","href":"https:\/\/api.w.org\/{rel}","templated":true}]}}