{"id":143639,"date":"2019-12-30T08:31:06","date_gmt":"2019-12-30T11:31:06","guid":{"rendered":"http:\/\/www.caririemacao.com\/1\/?p=143639"},"modified":"2019-12-30T08:31:06","modified_gmt":"2019-12-30T11:31:06","slug":"mulher-e-esfaqueada-pelo-marido-na-paraiba","status":"publish","type":"post","link":"https:\/\/www.caririemacao.com\/1\/2019\/12\/30\/mulher-e-esfaqueada-pelo-marido-na-paraiba\/","title":{"rendered":"Mulher \u00e9 esfaqueada pelo marido na Para\u00edba"},"content":{"rendered":"\n<p>Uma mulher foi agredida e esfaqueada ap\u00f3s deixar os filhos com o marido e sair para trabalhar, no bairro de Tibiri, em Santa Rita, na Para\u00edba. De acordo com informa\u00e7\u00f5es, uma guarni\u00e7\u00e3o da Pol\u00edcia Militar encontrou a v\u00edtima, na madrugada desta segunda-feira (30), ferida por golpe de faca.<\/p>\n\n\n\n<p>O suspeito da tentativa de feminic\u00eddio \u00e9 o marido da mulher. Ela teria deixado o homem com os tr\u00eas filhos para trabalhar at\u00e9 o retorno.<\/p>\n\n\n\n<p>A mulher foi socorrida para uma&nbsp;Unidade de Pronto Atendimento (UPA) da cidade. Ela foi ferida com um golpe de faca na regi\u00e3o do t\u00f3rax.&nbsp;<\/p>\n\n\n\n<p>Um homem foi preso tamb\u00e9m na&nbsp;madrugada desta segunda-feira (30),&nbsp;e conduzido \u00e0 delegacia da mulher.<\/p>\n\n\n\n<p>Fonte: ClickPB<\/p>\n","protected":false},"excerpt":{"rendered":"<p>Uma mulher foi agredida e esfaqueada ap\u00f3s deixar os filhos com o marido e sair para trabalhar, no bairro de Tibiri, em Santa Rita, na&hellip; <\/p>\n","protected":false},"author":1,"featured_media":105260,"comment_status":"closed","ping_status":"closed","sticky":false,"template":"","format":"standard","meta":{"sfsi_plus_gutenberg_text_before_share":"","sfsi_plus_gutenberg_show_text_before_share":"","sfsi_plus_gutenberg_icon_type":"","sfsi_plus_gutenberg_icon_alignemt":"","sfsi_plus_gutenburg_max_per_row":"","footnotes":""},"categories":[12],"tags":[],"class_list":["post-143639","post","type-post","status-publish","format-standard","has-post-thumbnail","hentry","category-policia"],"_links":{"self":[{"href":"https:\/\/www.caririemacao.com\/1\/wp-json\/wp\/v2\/posts\/143639","targetHints":{"allow":["GET"]}}],"collection":[{"href":"https:\/\/www.caririemacao.com\/1\/wp-json\/wp\/v2\/posts"}],"about":[{"href":"https:\/\/www.caririemacao.com\/1\/wp-json\/wp\/v2\/types\/post"}],"author":[{"embeddable":true,"href":"https:\/\/www.caririemacao.com\/1\/wp-json\/wp\/v2\/users\/1"}],"replies":[{"embeddable":true,"href":"https:\/\/www.caririemacao.com\/1\/wp-json\/wp\/v2\/comments?post=143639"}],"version-history":[{"count":1,"href":"https:\/\/www.caririemacao.com\/1\/wp-json\/wp\/v2\/posts\/143639\/revisions"}],"predecessor-version":[{"id":143640,"href":"https:\/\/www.caririemacao.com\/1\/wp-json\/wp\/v2\/posts\/143639\/revisions\/143640"}],"wp:featuredmedia":[{"embeddable":true,"href":"https:\/\/www.caririemacao.com\/1\/wp-json\/wp\/v2\/media\/105260"}],"wp:attachment":[{"href":"https:\/\/www.caririemacao.com\/1\/wp-json\/wp\/v2\/media?parent=143639"}],"wp:term":[{"taxonomy":"category","embeddable":true,"href":"https:\/\/www.caririemacao.com\/1\/wp-json\/wp\/v2\/categories?post=143639"},{"taxonomy":"post_tag","embeddable":true,"href":"https:\/\/www.caririemacao.com\/1\/wp-json\/wp\/v2\/tags?post=143639"}],"curies":[{"name":"wp","href":"https:\/\/api.w.org\/{rel}","templated":true}]}}