{"id":143650,"date":"2019-12-30T08:38:31","date_gmt":"2019-12-30T11:38:31","guid":{"rendered":"http:\/\/www.caririemacao.com\/1\/?p=143650"},"modified":"2019-12-30T08:38:31","modified_gmt":"2019-12-30T11:38:31","slug":"bolsonaro-pede-que-congresso-amplie-posse-e-porte-de-armas","status":"publish","type":"post","link":"https:\/\/www.caririemacao.com\/1\/2019\/12\/30\/bolsonaro-pede-que-congresso-amplie-posse-e-porte-de-armas\/","title":{"rendered":"Bolsonaro pede que Congresso amplie posse e porte de armas"},"content":{"rendered":"\n<p>O presidente Jair Bolsonaro pediu hoje (29) que o Congresso Nacional aprove a amplia\u00e7\u00e3o da posse e do porte de armas no pa\u00eds. Em postagem na rede social&nbsp;<em>Twitter<\/em>, ele relacionou o crescimento no registro de armas de fogo \u00e0 diminui\u00e7\u00e3o do n\u00famero de mortes.<\/p>\n\n\n\n<p>&nbsp;\u201cRegistro de armas de fogo cresceu 50% no corrente ano, levando-se em conta o mesmo per\u00edodo de 2018. Segundo \u2018especialistas\u2019, o n\u00famero de mortes deveria aumentar no Brasil, mas na pr\u00e1tica caiu 22%. Dependo do Parlamento para ampliar o direito \u00e0 posse\/porte para mais cidad\u00e3os\u201d, escreveu o presidente.<\/p>\n\n\n\n<figure class=\"wp-block-image\"><a href=\"https:\/\/twitter.com\/jairbolsonaro\"><img decoding=\"async\" data-src=\"https:\/\/pbs.twimg.com\/profile_images\/1057631480459886595\/9VPdGJJz_bigger.jpg\" alt=\"\" src=\"data:image\/svg+xml;base64,PHN2ZyB3aWR0aD0iMSIgaGVpZ2h0PSIxIiB4bWxucz0iaHR0cDovL3d3dy53My5vcmcvMjAwMC9zdmciPjwvc3ZnPg==\" class=\"lazyload\" \/><\/a><\/figure>\n\n\n\n<p><a href=\"https:\/\/twitter.com\/jairbolsonaro\"><strong>Jair M. Bolsonaro<\/strong><strong>&#x2714;<\/strong>@jairbolsonaro<\/a><a href=\"https:\/\/twitter.com\/jairbolsonaro\/status\/1211268726043140096\"><\/a><\/p>\n\n\n\n<p>&#8211; Registro de armas de fogo cresceu 50% no corrente ano, levando-se em conta o mesmo per\u00edodo de 2018. Segundo &#8220;especialistas&#8221;, o n\u00famero de mortes deveria aumentar no Brasil, MAS na pr\u00e1tica caiu 22%.<br><br>&#8211; Dependo do Parlamento para ampliar o direito a posse\/porte para mais cidad\u00e3os.<\/p>\n\n\n\n<figure class=\"wp-block-image\"><a href=\"https:\/\/twitter.com\/jairbolsonaro\/status\/1211268726043140096\/photo\/1\"><img decoding=\"async\" src=\"https:\/\/pbs.twimg.com\/media\/EM9KezKWkAAP0cK?format=jpg&amp;name=small\" alt=\"Ver imagem no Twitter\"\/><\/a><\/figure>\n\n\n\n<p><a href=\"https:\/\/twitter.com\/intent\/like?tweet_id=1211268726043140096\">33,1&nbsp;mil<\/a><a href=\"https:\/\/twitter.com\/jairbolsonaro\/status\/1211268726043140096\">09:52 &#8211; 29 de dez de 2019<\/a><a href=\"https:\/\/support.twitter.com\/articles\/20175256\">Informa\u00e7\u00f5es e privacidade no Twitter Ads<\/a><a href=\"https:\/\/twitter.com\/jairbolsonaro\/status\/1211268726043140096\">8.590 pessoas est\u00e3o falando sobre isso<\/a><\/p>\n\n\n\n<p>O presidente da Rep\u00fablica est\u00e1 na Base Naval de Aratu, unidade da Marinha em S\u00e3o Tom\u00e9 de Paripe, sub\u00farbio de Salvador. Bolsonaro deixou Bras\u00edlia na tarde de sexta-feira (27) para passar o recesso de fim de ano na capital baiana.<\/p>\n\n\n\n<p>Ele afirmou que a primeira-dama, Michelle Bolsonaro, n\u00e3o viajou com ele porque deve passar por uma pequena cirurgia nos pr\u00f3ximos dias.<\/p>\n\n\n\n<p>EBC<\/p>\n","protected":false},"excerpt":{"rendered":"<p>O presidente Jair Bolsonaro pediu hoje (29) que o Congresso Nacional aprove a amplia\u00e7\u00e3o da posse e do porte de armas no pa\u00eds. Em postagem&hellip; <\/p>\n","protected":false},"author":1,"featured_media":96638,"comment_status":"closed","ping_status":"closed","sticky":false,"template":"","format":"standard","meta":{"sfsi_plus_gutenberg_text_before_share":"","sfsi_plus_gutenberg_show_text_before_share":"","sfsi_plus_gutenberg_icon_type":"","sfsi_plus_gutenberg_icon_alignemt":"","sfsi_plus_gutenburg_max_per_row":"","footnotes":""},"categories":[11],"tags":[],"class_list":["post-143650","post","type-post","status-publish","format-standard","has-post-thumbnail","hentry","category-politica"],"_links":{"self":[{"href":"https:\/\/www.caririemacao.com\/1\/wp-json\/wp\/v2\/posts\/143650","targetHints":{"allow":["GET"]}}],"collection":[{"href":"https:\/\/www.caririemacao.com\/1\/wp-json\/wp\/v2\/posts"}],"about":[{"href":"https:\/\/www.caririemacao.com\/1\/wp-json\/wp\/v2\/types\/post"}],"author":[{"embeddable":true,"href":"https:\/\/www.caririemacao.com\/1\/wp-json\/wp\/v2\/users\/1"}],"replies":[{"embeddable":true,"href":"https:\/\/www.caririemacao.com\/1\/wp-json\/wp\/v2\/comments?post=143650"}],"version-history":[{"count":1,"href":"https:\/\/www.caririemacao.com\/1\/wp-json\/wp\/v2\/posts\/143650\/revisions"}],"predecessor-version":[{"id":143651,"href":"https:\/\/www.caririemacao.com\/1\/wp-json\/wp\/v2\/posts\/143650\/revisions\/143651"}],"wp:featuredmedia":[{"embeddable":true,"href":"https:\/\/www.caririemacao.com\/1\/wp-json\/wp\/v2\/media\/96638"}],"wp:attachment":[{"href":"https:\/\/www.caririemacao.com\/1\/wp-json\/wp\/v2\/media?parent=143650"}],"wp:term":[{"taxonomy":"category","embeddable":true,"href":"https:\/\/www.caririemacao.com\/1\/wp-json\/wp\/v2\/categories?post=143650"},{"taxonomy":"post_tag","embeddable":true,"href":"https:\/\/www.caririemacao.com\/1\/wp-json\/wp\/v2\/tags?post=143650"}],"curies":[{"name":"wp","href":"https:\/\/api.w.org\/{rel}","templated":true}]}}