{"id":143658,"date":"2019-12-30T09:00:54","date_gmt":"2019-12-30T12:00:54","guid":{"rendered":"http:\/\/www.caririemacao.com\/1\/?p=143658"},"modified":"2019-12-30T09:00:54","modified_gmt":"2019-12-30T12:00:54","slug":"reveillon-do-povo-sera-realizado-novamente-em-camalau-com-varias-atracoes-para-a-populacao","status":"publish","type":"post","link":"https:\/\/www.caririemacao.com\/1\/2019\/12\/30\/reveillon-do-povo-sera-realizado-novamente-em-camalau-com-varias-atracoes-para-a-populacao\/","title":{"rendered":"REVEILLON DO POVO ser\u00e1 realizado novamente em Camala\u00fa com v\u00e1rias atra\u00e7\u00f5es para a popula\u00e7\u00e3o"},"content":{"rendered":"\n<p>Mais uma vez a gest\u00e3o do prefeito Sandro M\u00f4co traz um grande presente para a popula\u00e7\u00e3o camalauense, desta vez na festa da virada do ano.<\/p>\n\n\n\n<p><br>Foi confirmada a programa\u00e7\u00e3o da comemora\u00e7\u00e3o do Reveillon que vai acontecer com o apoio total da gest\u00e3o municipal e deve atrair milhares de pessoas para a Pra\u00e7a de eventos na noite desta ter\u00e7a feira, 31.<\/p>\n\n\n\n<p><br>O\u00a0 REVEILLON DO POVO \u00e9 uma realiza\u00e7\u00e3o do Governo Municipal de Camala\u00fa, e ter\u00e1 a seguinte programa\u00e7\u00e3o:<\/p>\n\n\n\n<p><strong><br>Programa\u00e7\u00e3o:<\/strong><br>20:00 &#8211; Dj Bruninho<\/p>\n\n\n\n<p>00:00 &#8211; Bidinga do Acordeon<\/p>\n\n\n\n<p>02:30 &#8211; Bedeu Quirino<\/p>\n","protected":false},"excerpt":{"rendered":"<p>Mais uma vez a gest\u00e3o do prefeito Sandro M\u00f4co traz um grande presente para a popula\u00e7\u00e3o camalauense, desta vez na festa da virada do ano.&hellip; <\/p>\n","protected":false},"author":1,"featured_media":143659,"comment_status":"closed","ping_status":"closed","sticky":false,"template":"","format":"standard","meta":{"sfsi_plus_gutenberg_text_before_share":"","sfsi_plus_gutenberg_show_text_before_share":"","sfsi_plus_gutenberg_icon_type":"","sfsi_plus_gutenberg_icon_alignemt":"","sfsi_plus_gutenburg_max_per_row":"","footnotes":""},"categories":[6],"tags":[],"class_list":["post-143658","post","type-post","status-publish","format-standard","has-post-thumbnail","hentry","category-cidades"],"_links":{"self":[{"href":"https:\/\/www.caririemacao.com\/1\/wp-json\/wp\/v2\/posts\/143658","targetHints":{"allow":["GET"]}}],"collection":[{"href":"https:\/\/www.caririemacao.com\/1\/wp-json\/wp\/v2\/posts"}],"about":[{"href":"https:\/\/www.caririemacao.com\/1\/wp-json\/wp\/v2\/types\/post"}],"author":[{"embeddable":true,"href":"https:\/\/www.caririemacao.com\/1\/wp-json\/wp\/v2\/users\/1"}],"replies":[{"embeddable":true,"href":"https:\/\/www.caririemacao.com\/1\/wp-json\/wp\/v2\/comments?post=143658"}],"version-history":[{"count":1,"href":"https:\/\/www.caririemacao.com\/1\/wp-json\/wp\/v2\/posts\/143658\/revisions"}],"predecessor-version":[{"id":143660,"href":"https:\/\/www.caririemacao.com\/1\/wp-json\/wp\/v2\/posts\/143658\/revisions\/143660"}],"wp:featuredmedia":[{"embeddable":true,"href":"https:\/\/www.caririemacao.com\/1\/wp-json\/wp\/v2\/media\/143659"}],"wp:attachment":[{"href":"https:\/\/www.caririemacao.com\/1\/wp-json\/wp\/v2\/media?parent=143658"}],"wp:term":[{"taxonomy":"category","embeddable":true,"href":"https:\/\/www.caririemacao.com\/1\/wp-json\/wp\/v2\/categories?post=143658"},{"taxonomy":"post_tag","embeddable":true,"href":"https:\/\/www.caririemacao.com\/1\/wp-json\/wp\/v2\/tags?post=143658"}],"curies":[{"name":"wp","href":"https:\/\/api.w.org\/{rel}","templated":true}]}}