{"id":143667,"date":"2019-12-30T09:11:28","date_gmt":"2019-12-30T12:11:28","guid":{"rendered":"http:\/\/www.caririemacao.com\/1\/?p=143667"},"modified":"2019-12-30T09:11:28","modified_gmt":"2019-12-30T12:11:28","slug":"prefeitura-divulga-programacao-da-festa-de-emancipacao-politica-de-ouro-velho","status":"publish","type":"post","link":"https:\/\/www.caririemacao.com\/1\/2019\/12\/30\/prefeitura-divulga-programacao-da-festa-de-emancipacao-politica-de-ouro-velho\/","title":{"rendered":"Prefeitura divulga programa\u00e7\u00e3o da Festa de Emancipa\u00e7\u00e3o Pol\u00edtica de Ouro Velho"},"content":{"rendered":"\n<div class=\"wp-block-image\"><figure class=\"alignleft\"><img decoding=\"async\" data-src=\"https:\/\/i1.wp.com\/www.vitrinedocariri.com.br\/wp-content\/uploads\/2019\/12\/005-26.jpg?zoom=2&amp;resize=330%2C458&amp;ssl=1\" alt=\"\" class=\"wp-image-60852 lazyload\" src=\"data:image\/svg+xml;base64,PHN2ZyB3aWR0aD0iMSIgaGVpZ2h0PSIxIiB4bWxucz0iaHR0cDovL3d3dy53My5vcmcvMjAwMC9zdmciPjwvc3ZnPg==\" \/><\/figure><\/div>\n\n\n\n<p>A Prefeitura Municipal de Ouro Velho promove no pr\u00f3ximo dia 15 de janeiro, a festa em comemora\u00e7\u00e3o ao anivers\u00e1rio de 59 anos de emancipa\u00e7\u00e3o pol\u00edtica da cidade. A programa\u00e7\u00e3o inclui, atividades culturais, inaugura\u00e7\u00f5es e festa em pra\u00e7a p\u00fablica com shows de Walk\u00edria Santos e Brasas do Forr\u00f3.<\/p>\n\n\n\n<p>Ouro Velho completa 59 anos de hist\u00f3ria pol\u00edtica, sob a administra\u00e7\u00e3o da prefeita Nat\u00e1lia de Dr. J\u00fanior, que vem fazendo a cidade avan\u00e7ar, com implementa\u00e7\u00e3o de obras que beneficia toda a popula\u00e7\u00e3o.<\/p>\n\n\n\n<p>Um dos pontos altos da comemora\u00e7\u00e3o \u00e9 a inaugura\u00e7\u00e3o da Pista de Cooper, a reforma do pr\u00e9dio da Secretaria de Educa\u00e7\u00e3o e a entrega de um \u00d4nibus Escolar.<\/p>\n\n\n\n<p><strong>Confira a programa\u00e7\u00e3o:<\/strong><\/p>\n\n\n\n<p>05h \u2013 Alvorada com a Banda Pedro Viana<\/p>\n\n\n\n<p>08h \u2013 Caf\u00e9 da manh\u00e3 na Sede do Executivo<\/p>\n\n\n\n<p>21h \u2013 Inaugura\u00e7\u00e3o da Pista de Cooper<\/p>\n\n\n\n<p>21h30 \u2013 Inaugura\u00e7\u00e3o da Reforma da Secretaria de Educa\u00e7\u00e3o<\/p>\n\n\n\n<p>21h45 \u2013 Entrega de um \u00d4nibus Escolar<\/p>\n\n\n\n<p>22h \u2013 Shows musicais<\/p>\n","protected":false},"excerpt":{"rendered":"<p>A Prefeitura Municipal de Ouro Velho promove no pr\u00f3ximo dia 15 de janeiro, a festa em comemora\u00e7\u00e3o ao anivers\u00e1rio de 59 anos de emancipa\u00e7\u00e3o pol\u00edtica&hellip; <\/p>\n","protected":false},"author":1,"featured_media":143669,"comment_status":"closed","ping_status":"closed","sticky":false,"template":"","format":"standard","meta":{"sfsi_plus_gutenberg_text_before_share":"","sfsi_plus_gutenberg_show_text_before_share":"","sfsi_plus_gutenberg_icon_type":"","sfsi_plus_gutenberg_icon_alignemt":"","sfsi_plus_gutenburg_max_per_row":"","footnotes":""},"categories":[6,50],"tags":[],"class_list":["post-143667","post","type-post","status-publish","format-standard","has-post-thumbnail","hentry","category-cidades","category-destaque"],"_links":{"self":[{"href":"https:\/\/www.caririemacao.com\/1\/wp-json\/wp\/v2\/posts\/143667","targetHints":{"allow":["GET"]}}],"collection":[{"href":"https:\/\/www.caririemacao.com\/1\/wp-json\/wp\/v2\/posts"}],"about":[{"href":"https:\/\/www.caririemacao.com\/1\/wp-json\/wp\/v2\/types\/post"}],"author":[{"embeddable":true,"href":"https:\/\/www.caririemacao.com\/1\/wp-json\/wp\/v2\/users\/1"}],"replies":[{"embeddable":true,"href":"https:\/\/www.caririemacao.com\/1\/wp-json\/wp\/v2\/comments?post=143667"}],"version-history":[{"count":1,"href":"https:\/\/www.caririemacao.com\/1\/wp-json\/wp\/v2\/posts\/143667\/revisions"}],"predecessor-version":[{"id":143670,"href":"https:\/\/www.caririemacao.com\/1\/wp-json\/wp\/v2\/posts\/143667\/revisions\/143670"}],"wp:featuredmedia":[{"embeddable":true,"href":"https:\/\/www.caririemacao.com\/1\/wp-json\/wp\/v2\/media\/143669"}],"wp:attachment":[{"href":"https:\/\/www.caririemacao.com\/1\/wp-json\/wp\/v2\/media?parent=143667"}],"wp:term":[{"taxonomy":"category","embeddable":true,"href":"https:\/\/www.caririemacao.com\/1\/wp-json\/wp\/v2\/categories?post=143667"},{"taxonomy":"post_tag","embeddable":true,"href":"https:\/\/www.caririemacao.com\/1\/wp-json\/wp\/v2\/tags?post=143667"}],"curies":[{"name":"wp","href":"https:\/\/api.w.org\/{rel}","templated":true}]}}