{"id":143683,"date":"2019-12-30T09:14:00","date_gmt":"2019-12-30T12:14:00","guid":{"rendered":"http:\/\/www.caririemacao.com\/1\/?p=143683"},"modified":"2019-12-30T09:14:00","modified_gmt":"2019-12-30T12:14:00","slug":"acusado-de-trair-eleitor-julian-reage-a-filho-de-bolsonaro","status":"publish","type":"post","link":"https:\/\/www.caririemacao.com\/1\/2019\/12\/30\/acusado-de-trair-eleitor-julian-reage-a-filho-de-bolsonaro\/","title":{"rendered":"Acusado de trair eleitor, Julian reage a filho de Bolsonaro"},"content":{"rendered":"\n<p>O deputado federal Julian Lemos (PSL-PB) e o vereador do Rio de Janeiro, Carlos Bolsonaro (PSL-RJ), protagonizaram, neste domingo (29), mais um \u2018confronto\u2019 atrav\u00e9s das redes sociais.<\/p>\n\n\n\n<p>Usando sua conta no Youtube, o filho do presidente Jair Bolsonaro (Alian\u00e7a Pelo Brasil) postou um v\u00eddeo de uma fala do parlamentar paraibano com o seguinte titulo: \u2018Julian Lemos: Seria um deputado da Para\u00edba atacando seu povo, acusando e amea\u00e7ando quem o elegeu?\u2019<\/p>\n\n\n\n<p>No \u00e1udio, d\u00e1 para entender que em uma parte de sua fala, Julian mira em outro filho de Bolsonaro, o senador Fl\u00e1vio Bolsonaro, que tem sido investigado por suspeita de corrup\u00e7\u00e3o em seu gabinete quando era deputado estadual pelo Rio de Janeiro.<\/p>\n","protected":false},"excerpt":{"rendered":"<p>O deputado federal Julian Lemos (PSL-PB) e o vereador do Rio de Janeiro, Carlos Bolsonaro (PSL-RJ), protagonizaram, neste domingo (29), mais um \u2018confronto\u2019 atrav\u00e9s das&hellip; <\/p>\n","protected":false},"author":1,"featured_media":98114,"comment_status":"closed","ping_status":"closed","sticky":false,"template":"","format":"standard","meta":{"sfsi_plus_gutenberg_text_before_share":"","sfsi_plus_gutenberg_show_text_before_share":"","sfsi_plus_gutenberg_icon_type":"","sfsi_plus_gutenberg_icon_alignemt":"","sfsi_plus_gutenburg_max_per_row":"","footnotes":""},"categories":[11],"tags":[],"class_list":["post-143683","post","type-post","status-publish","format-standard","has-post-thumbnail","hentry","category-politica"],"_links":{"self":[{"href":"https:\/\/www.caririemacao.com\/1\/wp-json\/wp\/v2\/posts\/143683","targetHints":{"allow":["GET"]}}],"collection":[{"href":"https:\/\/www.caririemacao.com\/1\/wp-json\/wp\/v2\/posts"}],"about":[{"href":"https:\/\/www.caririemacao.com\/1\/wp-json\/wp\/v2\/types\/post"}],"author":[{"embeddable":true,"href":"https:\/\/www.caririemacao.com\/1\/wp-json\/wp\/v2\/users\/1"}],"replies":[{"embeddable":true,"href":"https:\/\/www.caririemacao.com\/1\/wp-json\/wp\/v2\/comments?post=143683"}],"version-history":[{"count":1,"href":"https:\/\/www.caririemacao.com\/1\/wp-json\/wp\/v2\/posts\/143683\/revisions"}],"predecessor-version":[{"id":143684,"href":"https:\/\/www.caririemacao.com\/1\/wp-json\/wp\/v2\/posts\/143683\/revisions\/143684"}],"wp:featuredmedia":[{"embeddable":true,"href":"https:\/\/www.caririemacao.com\/1\/wp-json\/wp\/v2\/media\/98114"}],"wp:attachment":[{"href":"https:\/\/www.caririemacao.com\/1\/wp-json\/wp\/v2\/media?parent=143683"}],"wp:term":[{"taxonomy":"category","embeddable":true,"href":"https:\/\/www.caririemacao.com\/1\/wp-json\/wp\/v2\/categories?post=143683"},{"taxonomy":"post_tag","embeddable":true,"href":"https:\/\/www.caririemacao.com\/1\/wp-json\/wp\/v2\/tags?post=143683"}],"curies":[{"name":"wp","href":"https:\/\/api.w.org\/{rel}","templated":true}]}}