{"id":143706,"date":"2019-12-30T09:34:39","date_gmt":"2019-12-30T12:34:39","guid":{"rendered":"http:\/\/www.caririemacao.com\/1\/?p=143706"},"modified":"2019-12-30T09:34:39","modified_gmt":"2019-12-30T12:34:39","slug":"comercio-e-industria-estimam-prejuizo-bilionario-com-11-feriados-em-2020","status":"publish","type":"post","link":"https:\/\/www.caririemacao.com\/1\/2019\/12\/30\/comercio-e-industria-estimam-prejuizo-bilionario-com-11-feriados-em-2020\/","title":{"rendered":"Com\u00e9rcio e ind\u00fastria estimam preju\u00edzo bilion\u00e1rio com 11 feriados em 2020"},"content":{"rendered":"\n<p>O ano de 2020 ter\u00e1 mais feriados em dias de semana e tamb\u00e9m mais fins de semana prolongados do que 2019. O que \u00e9 uma boa not\u00edcia para a maioria das pessoas preocupa a ind\u00fastria e o com\u00e9rcio, de um lado, mas \u00e9 comemorado pelos segmentos ligados ao turismo, de outro.<\/p>\n\n\n\n<p>O pr\u00f3ximo ano ter\u00e1 251 dias \u00fateis, dois a menos que 2019, e o n\u00famero de feriados em dias da semana ser\u00e1 maior: ser\u00e3o 11 contra oito. Mais que isso, ser\u00e3o seis dias de folga que poder\u00e3o ser emendados com s\u00e1bado e domingo, contra dois em 2019.<\/p>\n\n\n\n<p>Esse efeito calend\u00e1rio ter\u00e1 influ\u00eancia na atividade econ\u00f4mica. O brasileiro vai folgar mais e trabalhar menos no pr\u00f3ximo ano. A retomada do crescimento mais forte da economia em 2020 \u00e9 esperada pelo governo, analistas e bancos.<\/p>\n\n\n\n<p>Segundo o boletim Focus, do Banco Central, a economia brasileira poder\u00e1 crescer 2,25% no ano que vem. O BC revisou a pr\u00f3pria previs\u00e3o de crescimento de 2020 de 1,8% para 2,2%. Com menos folgas, a expans\u00e3o poderia ser maior.<\/p>\n\n\n\n<p>Segundo o gerente de pesquisa industrial do IBGE, Andr\u00e9 Macedo, a maior ou a menor presen\u00e7a de dias \u00fateis influencia a ind\u00fastria.<\/p>\n\n\n\n<p>\u2014 O maior n\u00famero de feriados n\u00e3o atinge setores de produ\u00e7\u00e3o cont\u00ednua, como o sider\u00fargico e o de \u00f3leo e g\u00e1s, mas afeta o de autom\u00f3veis e o de eletrodom\u00e9sticos.<\/p>\n\n\n\n<p>Para ele, por\u00e9m, o mais importante \u00e9 se a economia estar\u00e1 ou n\u00e3o aquecida.<\/p>\n\n\n\n<p>No varejo do Rio, o maior n\u00famero de folgas representar\u00e1 preju\u00edzo. O setor estima perdas de R$ 4,8 bilh\u00f5es. Conforme o Centro de Estudos do Clube de Diretores Lojistas do munic\u00edpio (CDL-Rio), cada dia parado representa perda m\u00e9dia de R$ 405 milh\u00f5es.<\/p>\n\n\n\n<p>Queda de produtividade<\/p>\n\n\n\n<p>A entidade diz que ter\u00e1 mais de 20 dias de movimento prejudicado. Abril ter\u00e1 mais feriados: Paix\u00e3o de Cristo (sexta-feira), Tiradentes (ter\u00e7a-feira) e S\u00e3o Jorge (quinta-feira), seguido de novembro com Finados (segunda-feira) e Consci\u00eancia Negra (sexta-feira).<\/p>\n\n\n\n<p>Jo\u00e3o Gomes, presidente da Fecom\u00e9rcio do Estado do Rio, afirma que feriados prolongados causam perda de at\u00e9 R$ 3 bilh\u00f5es por dia no com\u00e9rcio de bens e servi\u00e7os:<\/p>\n\n\n\n<p>\u2014Mais de 60% das lojas do estado est\u00e3o em regi\u00f5es n\u00e3o tur\u00edsticas, e 80% se encontram em lojas de rua. N\u00e3o contabilizamos estabelecimentos situados em shoppings.<\/p>\n\n\n\n<p>O economista-chefe da Confedera\u00e7\u00e3o Nacional da Ind\u00fastria (CNI), Fl\u00e1vio Castelo Branco, diz que h\u00e1 queda da produtividade: os trabalhadores folgam no feriado, mas recebem:<\/p>\n\n\n\n<p>\u2014 Voc\u00ea produz menos, seu custo n\u00e3o cai e h\u00e1 impacto na contabilidade das empresas. O PIB (Produto Interno Bruto) pode n\u00e3o refletir as horas trabalhadas, mas registra o ritmo de produ\u00e7\u00e3o e o faturamento.<\/p>\n\n\n\n<p>Segundo o Minist\u00e9rio do Turismo, no ano passado, feriados prolongados resultaram em 13,9 milh\u00f5es de viagens dom\u00e9sticas, inje\u00e7\u00e3o de R$ 28,84 bilh\u00f5es na economia.<\/p>\n\n\n\n<p>Os feriados de maio movimentaram R$ 9 bilh\u00f5es e 4,5 milh\u00f5es de viagens. Em 12 de outubro (Dia de Nossa Senhora Aparecida) foram 3,24 milh\u00f5es de viagens, com impacto de R$ 6,7 bilh\u00f5es nos destinos nacionais visitados.<\/p>\n\n\n\n<p>\u2014 Para o turismo, qualquer feriado nacional \u00e9 \u00f3timo. Movimenta o turismo interno, que tamb\u00e9m est\u00e1 sendo ajudado pelo d\u00f3lar alto \u2014 diz Alexandre Sampaio, presidente da Federa\u00e7\u00e3o Brasileira de Hospedagem e Alimenta\u00e7\u00e3o.<\/p>\n\n\n\n<p>A Associa\u00e7\u00e3o Brasileira de Ag\u00eancias de Viagens (Abav Nacional) calcula alta entre 8% e 14% no movimento em anos com muitos feriados. As pessoas tendem a fazer mais viagens ao longo do ano, mesmo que sejam curtas e para destinos pr\u00f3ximos de casa. A demanda n\u00e3o fica concentrada nas grandes temporadas.<\/p>\n","protected":false},"excerpt":{"rendered":"<p>O ano de 2020 ter\u00e1 mais feriados em dias de semana e tamb\u00e9m mais fins de semana prolongados do que 2019. O que \u00e9 uma&hellip; <\/p>\n","protected":false},"author":1,"featured_media":140543,"comment_status":"closed","ping_status":"closed","sticky":false,"template":"","format":"standard","meta":{"sfsi_plus_gutenberg_text_before_share":"","sfsi_plus_gutenberg_show_text_before_share":"","sfsi_plus_gutenberg_icon_type":"","sfsi_plus_gutenberg_icon_alignemt":"","sfsi_plus_gutenburg_max_per_row":"","footnotes":""},"categories":[2],"tags":[],"class_list":["post-143706","post","type-post","status-publish","format-standard","has-post-thumbnail","hentry","category-geral"],"_links":{"self":[{"href":"https:\/\/www.caririemacao.com\/1\/wp-json\/wp\/v2\/posts\/143706","targetHints":{"allow":["GET"]}}],"collection":[{"href":"https:\/\/www.caririemacao.com\/1\/wp-json\/wp\/v2\/posts"}],"about":[{"href":"https:\/\/www.caririemacao.com\/1\/wp-json\/wp\/v2\/types\/post"}],"author":[{"embeddable":true,"href":"https:\/\/www.caririemacao.com\/1\/wp-json\/wp\/v2\/users\/1"}],"replies":[{"embeddable":true,"href":"https:\/\/www.caririemacao.com\/1\/wp-json\/wp\/v2\/comments?post=143706"}],"version-history":[{"count":1,"href":"https:\/\/www.caririemacao.com\/1\/wp-json\/wp\/v2\/posts\/143706\/revisions"}],"predecessor-version":[{"id":143707,"href":"https:\/\/www.caririemacao.com\/1\/wp-json\/wp\/v2\/posts\/143706\/revisions\/143707"}],"wp:featuredmedia":[{"embeddable":true,"href":"https:\/\/www.caririemacao.com\/1\/wp-json\/wp\/v2\/media\/140543"}],"wp:attachment":[{"href":"https:\/\/www.caririemacao.com\/1\/wp-json\/wp\/v2\/media?parent=143706"}],"wp:term":[{"taxonomy":"category","embeddable":true,"href":"https:\/\/www.caririemacao.com\/1\/wp-json\/wp\/v2\/categories?post=143706"},{"taxonomy":"post_tag","embeddable":true,"href":"https:\/\/www.caririemacao.com\/1\/wp-json\/wp\/v2\/tags?post=143706"}],"curies":[{"name":"wp","href":"https:\/\/api.w.org\/{rel}","templated":true}]}}