{"id":143713,"date":"2019-12-30T09:36:49","date_gmt":"2019-12-30T12:36:49","guid":{"rendered":"http:\/\/www.caririemacao.com\/1\/?p=143713"},"modified":"2019-12-30T09:36:49","modified_gmt":"2019-12-30T12:36:49","slug":"veja-dicas-para-proteger-animais-de-estimacao-durante-a-queima-de-fogos-no-reveillon","status":"publish","type":"post","link":"https:\/\/www.caririemacao.com\/1\/2019\/12\/30\/veja-dicas-para-proteger-animais-de-estimacao-durante-a-queima-de-fogos-no-reveillon\/","title":{"rendered":"Veja dicas para proteger animais de estima\u00e7\u00e3o durante a queima de fogos no R\u00e9veillon"},"content":{"rendered":"\n<p>O veterin\u00e1rio Edroaldo Cavalcante deu dicas de como proteger os animais de estima\u00e7\u00e3o, especialmente os cachorros, no momento da queima de fogos durante a virada do ano. Ele explicou que os animais possuem uma audi\u00e7\u00e3o mais agu\u00e7ada e sens\u00edvel e precisam de cuidados durante o momento de extremo barulho.<\/p>\n\n\n\n<p>Confira as dicas para proteger os bichinhos no momento da queima de fogos:<\/p>\n\n\n\n<p>\u2013 Procure brincar bastante com o seu animal no dia da queima de fogos, assim ele vai estar cansado durante a noite e n\u00e3o sofrer\u00e1 tanto com o barulho;<\/p>\n\n\n\n<p>\u2013 Esteja sempre perto do seu animal e, se n\u00e3o for poss\u00edvel, deixe uma pe\u00e7a de roupa com o seu cheiro junto do animal em um ambiente fechado e ac\u00fastico, com algum aparelho de som ligado para disfar\u00e7ar o barulho dos fogos;<\/p>\n\n\n\n<p>\u2013 Caso o bichinho fique muito nervoso, \u00e9 aconselh\u00e1vel medic\u00e1-lo com um calmante natural ou at\u00e9 mesmo um calmante mais forte, com a devida orienta\u00e7\u00e3o de um veterin\u00e1rio;<\/p>\n\n\n\n<p>\u2013 Tente n\u00e3o demonstrar ansiedade pr\u00f3ximo do seu animal, pois ele precisa do maior apoio poss\u00edvel por parte do dono.<\/p>\n\n\n\n<p>\u2013 Se j\u00e1 incomoda o ser humano, imagina o animal que j\u00e1 tem a audi\u00e7\u00e3o bastante apurada? N\u00e3o s\u00f3 o c\u00e3o e o gato sofrem, mas toda a natureza. \u00c9 preciso tomar alguns cuidados com rela\u00e7\u00e3o a esses barulhos \u2013 disse, em entrevista \u00e0 R\u00e1dio Caturit\u00e9 FM.<\/p>\n","protected":false},"excerpt":{"rendered":"<p>O veterin\u00e1rio Edroaldo Cavalcante deu dicas de como proteger os animais de estima\u00e7\u00e3o, especialmente os cachorros, no momento da queima de fogos durante a virada&hellip; <\/p>\n","protected":false},"author":1,"featured_media":143714,"comment_status":"closed","ping_status":"closed","sticky":false,"template":"","format":"standard","meta":{"sfsi_plus_gutenberg_text_before_share":"","sfsi_plus_gutenberg_show_text_before_share":"","sfsi_plus_gutenberg_icon_type":"","sfsi_plus_gutenberg_icon_alignemt":"","sfsi_plus_gutenburg_max_per_row":"","footnotes":""},"categories":[50,2],"tags":[],"class_list":["post-143713","post","type-post","status-publish","format-standard","has-post-thumbnail","hentry","category-destaque","category-geral"],"_links":{"self":[{"href":"https:\/\/www.caririemacao.com\/1\/wp-json\/wp\/v2\/posts\/143713","targetHints":{"allow":["GET"]}}],"collection":[{"href":"https:\/\/www.caririemacao.com\/1\/wp-json\/wp\/v2\/posts"}],"about":[{"href":"https:\/\/www.caririemacao.com\/1\/wp-json\/wp\/v2\/types\/post"}],"author":[{"embeddable":true,"href":"https:\/\/www.caririemacao.com\/1\/wp-json\/wp\/v2\/users\/1"}],"replies":[{"embeddable":true,"href":"https:\/\/www.caririemacao.com\/1\/wp-json\/wp\/v2\/comments?post=143713"}],"version-history":[{"count":1,"href":"https:\/\/www.caririemacao.com\/1\/wp-json\/wp\/v2\/posts\/143713\/revisions"}],"predecessor-version":[{"id":143715,"href":"https:\/\/www.caririemacao.com\/1\/wp-json\/wp\/v2\/posts\/143713\/revisions\/143715"}],"wp:featuredmedia":[{"embeddable":true,"href":"https:\/\/www.caririemacao.com\/1\/wp-json\/wp\/v2\/media\/143714"}],"wp:attachment":[{"href":"https:\/\/www.caririemacao.com\/1\/wp-json\/wp\/v2\/media?parent=143713"}],"wp:term":[{"taxonomy":"category","embeddable":true,"href":"https:\/\/www.caririemacao.com\/1\/wp-json\/wp\/v2\/categories?post=143713"},{"taxonomy":"post_tag","embeddable":true,"href":"https:\/\/www.caririemacao.com\/1\/wp-json\/wp\/v2\/tags?post=143713"}],"curies":[{"name":"wp","href":"https:\/\/api.w.org\/{rel}","templated":true}]}}