{"id":143718,"date":"2019-12-30T09:38:22","date_gmt":"2019-12-30T12:38:22","guid":{"rendered":"http:\/\/www.caririemacao.com\/1\/?p=143718"},"modified":"2019-12-30T09:38:22","modified_gmt":"2019-12-30T12:38:22","slug":"prefeitura-de-amparo-realizou-pagamento-dos-funcionarios-referentes-a-dezembro","status":"publish","type":"post","link":"https:\/\/www.caririemacao.com\/1\/2019\/12\/30\/prefeitura-de-amparo-realizou-pagamento-dos-funcionarios-referentes-a-dezembro\/","title":{"rendered":"Prefeitura de Amparo realizou pagamento dos Funcion\u00e1rios referentes a Dezembro"},"content":{"rendered":"\n<p>A Prefeitura de Amparo, atrav\u00e9s da Secretaria de Finan\u00e7as anunciou na manh\u00e3 desta segunda-feira (30) o Pagamento da Folha salarial dos Servidores P\u00fablicos referente ao m\u00eas de Dezembro.<br>O repasse ao Banco respons\u00e1vel foi realizado durante a manh\u00e3 e&nbsp;j\u00e1&nbsp;est\u00e1&nbsp;dispon\u00edvel&nbsp;nas contas dos funcion\u00e1rios.<br>O Prefeito In\u00e1cio encerra o ano de 2019 com todos os sal\u00e1rios sendo pagos no m\u00eas trabalhado, o que s\u00f3 confirma o compromisso com o funcionalismo publico.<br>\u201cN\u00e3o estamos livres, mas com o nosso planejamento e esfor\u00e7os de controle sobre os gastos e despesas, podemos manter a m\u00e1quina p\u00fablica em pleno funcionamento, realizando obras de interesse da popula\u00e7\u00e3o e pagando em dia os nossos funcion\u00e1rios, que sempre tem contribu\u00eddo para construir uma cidade cada vez melhor\u201d.<br>Amparo Ligado<\/p>\n","protected":false},"excerpt":{"rendered":"<p>A Prefeitura de Amparo, atrav\u00e9s da Secretaria de Finan\u00e7as anunciou na manh\u00e3 desta segunda-feira (30) o Pagamento da Folha salarial dos Servidores P\u00fablicos referente ao&hellip; <\/p>\n","protected":false},"author":1,"featured_media":143719,"comment_status":"closed","ping_status":"closed","sticky":false,"template":"","format":"standard","meta":{"sfsi_plus_gutenberg_text_before_share":"","sfsi_plus_gutenberg_show_text_before_share":"","sfsi_plus_gutenberg_icon_type":"","sfsi_plus_gutenberg_icon_alignemt":"","sfsi_plus_gutenburg_max_per_row":"","footnotes":""},"categories":[6],"tags":[],"class_list":["post-143718","post","type-post","status-publish","format-standard","has-post-thumbnail","hentry","category-cidades"],"_links":{"self":[{"href":"https:\/\/www.caririemacao.com\/1\/wp-json\/wp\/v2\/posts\/143718","targetHints":{"allow":["GET"]}}],"collection":[{"href":"https:\/\/www.caririemacao.com\/1\/wp-json\/wp\/v2\/posts"}],"about":[{"href":"https:\/\/www.caririemacao.com\/1\/wp-json\/wp\/v2\/types\/post"}],"author":[{"embeddable":true,"href":"https:\/\/www.caririemacao.com\/1\/wp-json\/wp\/v2\/users\/1"}],"replies":[{"embeddable":true,"href":"https:\/\/www.caririemacao.com\/1\/wp-json\/wp\/v2\/comments?post=143718"}],"version-history":[{"count":1,"href":"https:\/\/www.caririemacao.com\/1\/wp-json\/wp\/v2\/posts\/143718\/revisions"}],"predecessor-version":[{"id":143720,"href":"https:\/\/www.caririemacao.com\/1\/wp-json\/wp\/v2\/posts\/143718\/revisions\/143720"}],"wp:featuredmedia":[{"embeddable":true,"href":"https:\/\/www.caririemacao.com\/1\/wp-json\/wp\/v2\/media\/143719"}],"wp:attachment":[{"href":"https:\/\/www.caririemacao.com\/1\/wp-json\/wp\/v2\/media?parent=143718"}],"wp:term":[{"taxonomy":"category","embeddable":true,"href":"https:\/\/www.caririemacao.com\/1\/wp-json\/wp\/v2\/categories?post=143718"},{"taxonomy":"post_tag","embeddable":true,"href":"https:\/\/www.caririemacao.com\/1\/wp-json\/wp\/v2\/tags?post=143718"}],"curies":[{"name":"wp","href":"https:\/\/api.w.org\/{rel}","templated":true}]}}