{"id":143722,"date":"2019-12-30T09:42:27","date_gmt":"2019-12-30T12:42:27","guid":{"rendered":"http:\/\/www.caririemacao.com\/1\/?p=143722"},"modified":"2019-12-30T09:42:27","modified_gmt":"2019-12-30T12:42:27","slug":"camara-de-vereadores-de-sume-realiza-reuniao-extraordinaria","status":"publish","type":"post","link":"https:\/\/www.caririemacao.com\/1\/2019\/12\/30\/camara-de-vereadores-de-sume-realiza-reuniao-extraordinaria\/","title":{"rendered":"C\u00e2mara de Vereadores de Sum\u00e9 realiza reuni\u00e3o extraordin\u00e1ria"},"content":{"rendered":"\n<p>Na noite desta sexta-feira (27), a C\u00e2mara de Vereadores de Sum\u00e9 se reuniu de forma extraordin\u00e1ria, para a discutir projetos encaminhados pelo Executivo do munic\u00edpio.<\/p>\n\n\n\n<p>Os vereadores aprovaram o Projeto de Lei n\u00ba 563 de autoria do Poder Executivo, que amplia o programa de recupera\u00e7\u00e3o de receita PRO-RECEITA, anteriormente voltado apenas para o IPTU, agora tamb\u00e9m para dividas do ISSQN.<\/p>\n\n\n\n<p>Os parlamentares aprovaram o Projeto de Lei 566\/2019 de autoria do Poder Executivo que autoria a abertura de credito especial no valor de 779.000,00, destinado a manuten\u00e7\u00e3o e encargos previdenci\u00e1rios, constru\u00e7\u00e3o e reforma de Quadra Poliesportiva, pavimenta\u00e7\u00e3o de ruas, constru\u00e7\u00e3o e amplia\u00e7\u00e3o de Pra\u00e7as e Logradouros P\u00fablicos e Constru\u00e7\u00e3o e Instala\u00e7\u00e3o do Centro de Comercializa\u00e7\u00e3o e Artesanato. As despesas decorrentes da aplica\u00e7\u00e3o ser\u00e3o da cess\u00e3o onerosa do Pr\u00e9-Sal.<\/p>\n\n\n\n<p>Foi aprovado o Projeto de Lei n\u00ba 567\/2019 de autoria do Poder Executivo que lan\u00e7a o IPTU 2020, para facilitar o pagamento da popula\u00e7\u00e3o o imposto poder\u00e1 ser dividido em at\u00e9 tr\u00eas vezes.<\/p>\n\n\n\n<p>1\u00aa Parcela para 30 de abril de 2020<br>2\u00aa Parcela para o dia 29 de maio de 2020<br>3\u00aa Parcela para o dia 30 de junho de 2020<\/p>\n\n\n\n<p>Foi aprovado o Projeto de Lei n\u00ba 568 de autoria do Poder Executivo, que que o cria cargo de provimento efetivo no Plano de Cargos e Sistema de Carreiras dos servidores p\u00fablicos do Poder Executivo do Munic\u00edpio de Sum\u00e9.<\/p>\n\n\n\n<p>Foi aprovado o Projeto de Lei n\u00ba 569 de autoria do Poder Executivo, que altera a denomina\u00e7\u00e3o de cargo de provimento em comiss\u00e3o de estrutura organizacional da Secretaria de Sa\u00fade. O cargo de Chefe do Centro de Aten\u00e7\u00e3o Psicossocial passa a ter a denomina\u00e7\u00e3o de Diretor.<\/p>\n\n\n\n<p>Ascom\/C\u00e2mara<\/p>\n","protected":false},"excerpt":{"rendered":"<p>Na noite desta sexta-feira (27), a C\u00e2mara de Vereadores de Sum\u00e9 se reuniu de forma extraordin\u00e1ria, para a discutir projetos encaminhados pelo Executivo do munic\u00edpio.&hellip; <\/p>\n","protected":false},"author":1,"featured_media":143723,"comment_status":"closed","ping_status":"closed","sticky":false,"template":"","format":"standard","meta":{"sfsi_plus_gutenberg_text_before_share":"","sfsi_plus_gutenberg_show_text_before_share":"","sfsi_plus_gutenberg_icon_type":"","sfsi_plus_gutenberg_icon_alignemt":"","sfsi_plus_gutenburg_max_per_row":"","footnotes":""},"categories":[6],"tags":[],"class_list":["post-143722","post","type-post","status-publish","format-standard","has-post-thumbnail","hentry","category-cidades"],"_links":{"self":[{"href":"https:\/\/www.caririemacao.com\/1\/wp-json\/wp\/v2\/posts\/143722","targetHints":{"allow":["GET"]}}],"collection":[{"href":"https:\/\/www.caririemacao.com\/1\/wp-json\/wp\/v2\/posts"}],"about":[{"href":"https:\/\/www.caririemacao.com\/1\/wp-json\/wp\/v2\/types\/post"}],"author":[{"embeddable":true,"href":"https:\/\/www.caririemacao.com\/1\/wp-json\/wp\/v2\/users\/1"}],"replies":[{"embeddable":true,"href":"https:\/\/www.caririemacao.com\/1\/wp-json\/wp\/v2\/comments?post=143722"}],"version-history":[{"count":1,"href":"https:\/\/www.caririemacao.com\/1\/wp-json\/wp\/v2\/posts\/143722\/revisions"}],"predecessor-version":[{"id":143724,"href":"https:\/\/www.caririemacao.com\/1\/wp-json\/wp\/v2\/posts\/143722\/revisions\/143724"}],"wp:featuredmedia":[{"embeddable":true,"href":"https:\/\/www.caririemacao.com\/1\/wp-json\/wp\/v2\/media\/143723"}],"wp:attachment":[{"href":"https:\/\/www.caririemacao.com\/1\/wp-json\/wp\/v2\/media?parent=143722"}],"wp:term":[{"taxonomy":"category","embeddable":true,"href":"https:\/\/www.caririemacao.com\/1\/wp-json\/wp\/v2\/categories?post=143722"},{"taxonomy":"post_tag","embeddable":true,"href":"https:\/\/www.caririemacao.com\/1\/wp-json\/wp\/v2\/tags?post=143722"}],"curies":[{"name":"wp","href":"https:\/\/api.w.org\/{rel}","templated":true}]}}