{"id":143729,"date":"2019-12-30T10:06:27","date_gmt":"2019-12-30T13:06:27","guid":{"rendered":"http:\/\/www.caririemacao.com\/1\/?p=143729"},"modified":"2019-12-30T10:06:27","modified_gmt":"2019-12-30T13:06:27","slug":"aplicativo-gratuito-sintetiza-voz-humana-para-deficientes-visuais","status":"publish","type":"post","link":"https:\/\/www.caririemacao.com\/1\/2019\/12\/30\/aplicativo-gratuito-sintetiza-voz-humana-para-deficientes-visuais\/","title":{"rendered":"Aplicativo gratuito sintetiza voz humana para deficientes visuais"},"content":{"rendered":"\n<p>Um aplicativo gratuito est\u00e1 melhorando a vida de milhares de deficientes visuais que utilizam computadores e outros dispositivos tecnol\u00f3gicos, como smartphones e tablets. Produzido pela empresa&nbsp;<a href=\"http:\/\/www.f123.org\/\" target=\"_blank\" rel=\"noreferrer noopener\">F123 Consultoria<\/a>, um sintetizador de voz, batizado de&nbsp;<a href=\"http:\/\/www.f123.org\/leticia\" target=\"_blank\" rel=\"noreferrer noopener\">Let\u00edcia<\/a>, reproduz uma voz feminina em portugu\u00eas e pode ser usado em praticamente todos os tipos de leitores de tela e sistemas operacionais de tecnologia assistiva.<\/p>\n\n\n\n<p>Para fazer uso de um computador, o deficiente visual utiliza o chamado leitor de tela, um programa que converte o texto exibido em tela em um discurso sintetizado em voz, permitindo que o usu\u00e1rio navegue na internet ou use qualquer software ouvindo o que est\u00e1 escrito no monitor e usando comandos no teclado para executar qualquer tipo de opera\u00e7\u00e3o. Cada leitor de tela possui um sintetizador de voz associado, e \u00e9 justamente essa nova op\u00e7\u00e3o de voz que foi criada pela F123. O projeto foi um dos primeiros, no Brasil, a serem patrocinados pela Expo Dubai 2020, evento que reunir\u00e1 milh\u00f5es de pessoas no ano que vem para celebrar conquistas humanas, sob o tema \u201cConectando Mentes, Criando o Futuro\u201d.<\/p>\n\n\n\n<p>&#8220;A gente queria uma voz que fosse de boa qualidade, que n\u00e3o fosse muito rob\u00f3tica, como s\u00e3o as principais vozes dispon\u00edveis em portugu\u00eas, e que funcionasse em diferentes plataformas, j\u00e1 que a maioria funciona apenas no sistema Windows ou apenas no [sistema operacional] Android e por a\u00ed vai. A nossa voz pode ser disponibilizada em v\u00e1rias plataformas e sistemas operacionais, como Windows, Linux e Android&#8221;, explica Fernando Botelho, fundador da F123 e um dos criadores da voz Let\u00edcia.<\/p>\n\n\n\n<figure class=\"wp-block-image\"><img decoding=\"async\" data-src=\"http:\/\/imagens.ebc.com.br\/16M_jUNoDF_IeoMfMtEItCyLQow=\/754x0\/smart\/http:\/\/agenciabrasil.ebc.com.br\/sites\/default\/files\/thumbnails\/image\/fernando_botelho_f123.jpg?itok=ebWwfeSa\" alt=\"Fernando Botelho da empresa F123 Consultoria \" src=\"data:image\/svg+xml;base64,PHN2ZyB3aWR0aD0iMSIgaGVpZ2h0PSIxIiB4bWxucz0iaHR0cDovL3d3dy53My5vcmcvMjAwMC9zdmciPjwvc3ZnPg==\" class=\"lazyload\" \/><\/figure>\n\n\n\n<p>Fernando Botelho \u00e9 deficiente visual e fundador da empresa F123 Consultoria &#8211;&nbsp;<strong>Divulga\u00e7\u00e3o<\/strong><\/p>\n\n\n\n<p>Botelho \u00e9 deficiente visual e fundou a F123, h\u00e1 12 anos, com o objetivo de desenvolver tecnologias que ajudem a dar mais competitividade \u00e0s pessoas cegas, nas mais diversas \u00e1reas de atua\u00e7\u00e3o. A empresa se enquadra no conceito de neg\u00f3cio social, no qual s\u00e3o utilizadas t\u00e9cnicas modernas com miss\u00e3o social ou ambiental e todo o lucro \u00e9 reinvestido na pr\u00f3pria causa. &#8220;A gente viu a chamada que a Expo fez. Eles estavam em busca de projetos sociais e ambientais, e fomos o primeiro projeto brasileiro a receber apoio&#8221;.<\/p>\n\n\n\n<h2 class=\"wp-block-heading\">Escolha do nome<\/h2>\n\n\n\n<figure class=\"wp-block-image\"><img decoding=\"async\" data-src=\"http:\/\/imagens.ebc.com.br\/RcycBxTyfzLM2i5J4kjj574NlCQ=\/365x0\/smart\/http:\/\/agenciabrasil.ebc.com.br\/sites\/default\/files\/thumbnails\/image\/sara_bentes_divulgacao.jpg?itok=zHyfizeO\" alt=\"Cantora Sara Bentes\" src=\"data:image\/svg+xml;base64,PHN2ZyB3aWR0aD0iMSIgaGVpZ2h0PSIxIiB4bWxucz0iaHR0cDovL3d3dy53My5vcmcvMjAwMC9zdmciPjwvc3ZnPg==\" class=\"lazyload\" \/><\/figure>\n\n\n\n<p>Cantora Sara Bentes d\u00e1 voz ao sintetizador Let\u00edcia&nbsp; &#8211;&nbsp;<strong>Divulga\u00e7\u00e3o<\/strong><\/p>\n\n\n\n<p>Com os recursos da Expo Dubai, o projeto come\u00e7ou a ser colocado em pr\u00e1tica h\u00e1 cerca de dois anos. Um concurso nacional elegeu a voz que serviria de base para a formata\u00e7\u00e3o do sintetizador Let\u00edcia. A escolha, que contou com a participa\u00e7\u00e3o de milhares de pessoas em todo o pa\u00eds, se deu por meio de uma vota\u00e7\u00e3o p\u00fablica na internet, e chegou ao nome da&nbsp;<a href=\"https:\/\/www.youtube.com\/watch?v=z40jk9GQPfQ&amp;feature=emb_title\" target=\"_blank\" rel=\"noreferrer noopener\">cantora, compositora e atriz Sara Bentes<\/a>, que tamb\u00e9m \u00e9 deficiente visual.<\/p>\n\n\n\n<p>&#8220;Foram mais de 30 horas de grava\u00e7\u00e3o em est\u00fadio. Foram lidas mais de 3.300 frases, que t\u00eam que ser foneticamente balanceadas, j\u00e1 que o sintetizador precisa ser treinado em uma diversidade fon\u00e9tica grande, para que possa ser capaz de construir qualquer frase em portugu\u00eas&#8221;, explica Fernando Botelho.<\/p>\n\n\n\n<p>Tecnicamente, a voz de Sara n\u00e3o \u00e9 a mesma de Let\u00edcia, por se tratar de um programa de computador, mas o nome foi inspirado na pr\u00f3pria artista. Sara Bentes \u00e9, na verdade, Sara Let\u00edcia Bentes. O nome do meio, que n\u00e3o \u00e9 o nome de trabalho utilizado por Sara, serviu como uma homenagem \u00e0 cantora e, ao mesmo tempo, serve para distinguir o sintetizador da voz original usada como base.<\/p>\n\n\n\n<h2 class=\"wp-block-heading\">Vantagens<\/h2>\n\n\n\n<p>Segundo os fabricantes, o sintetizador de voz Let\u00edcia tem a capacidade de ajudar mais de 500 mil pessoas dentro e fora do Brasil. A versatilidade da tecnologia \u00e9 uma das principais caracter\u00edsticas apontadas pelos usu\u00e1rios que aprovam o aplicativo. \u00c9 o caso do programador \u00c2ngelo Beck, que chegou a participar da equipe de testadores do software. Atualmente, ele utiliza a Let\u00edcia em um dos dos seus notebooks e tamb\u00e9m no celular. &nbsp;<\/p>\n\n\n\n<p>&#8220;No celular, eu estou gostando demais porque, al\u00e9m das mensagens de textos, o aplicativo l\u00ea aquelas figurinhas emojis. \u00c9 a \u00fanica voz que faz isso no Brasil a contento. Antes, eu recebia mensagens com aquelas figurinhas e as vozes simplesmente n\u00e3o liam. Eu sabia que tinha uma mensagem ali, no caso, um emoji, mas as vozes n\u00e3o liam. E a voz da Let\u00edcia \u00e9 a primeira que conhe\u00e7o que faz a leitura desses emojis, ent\u00e3o isso j\u00e1 mudou totalmente a minha comunica\u00e7\u00e3o, porque agora eu mesmo posso escolher as figurinhas e mandar para as pessoas&#8221;, relata.<\/p>\n\n\n\n<p>Al\u00e9m de ser uma voz com caracter\u00edstica mais humanizada e menos rob\u00f3tica, o sintetizador Let\u00edcia funciona bem em praticamente qualquer dispositivo e em todos os sistemas operacionais. &#8220;Eles conseguiram criar uma voz rodar tanto num computador mais moderno quanto num celular mais antigo&#8221;, afirma \u00c2ngelo Beck.<\/p>\n\n\n\n<p>Deficiente visual desde os 21 anos, por causa do agravamento de um glaucoma cong\u00eanito, \u00c2ngelo Beck tem hoje 38 anos e utiliza a voz Let\u00edcia para desenvolver uma de seus principais atividades al\u00e9m da programa\u00e7\u00e3o. Ele \u00e9 artista e faz m\u00f3veis infantis em miniatura desenhando a partir do pr\u00f3prio computador, utilizando vetores em um software espec\u00edfico. Os trabalhos s\u00e3o depois impressos em dispositivos a laser e \u00c2ngelo monta pe\u00e7a por pe\u00e7a para criar cada um dos m\u00f3veis, como guarda-roupas, poltronas e mesas, que encantam principalmente as crian\u00e7as, mas s\u00e3o capazes de encher os olhos de qualquer adulto pela qualidade e delicadeza do resultado.<\/p>\n\n\n\n<p>\u201cEu uso a minha criatividade para desenhar e tento imaginar o m\u00f3vel pronto. As crian\u00e7as gostam muito e \u00e9 recompensador transformar os meus desenhos em realidade\u201d, conta.<\/p>\n\n\n\n<h2 class=\"wp-block-heading\">Novas vozes&nbsp;&nbsp;&nbsp;&nbsp;&nbsp; &nbsp;<\/h2>\n\n\n\n<p>Na F123, o pr\u00f3ximo desafio \u00e9 criar novos sintetizadores de voz, inclusive uma voz infantil para auxiliar no desenvolvimento de crian\u00e7as cegas. Segundo Fernando Botelho, tamb\u00e9m est\u00e1 nos planos o desenvolvimento de aplicativos em outros idiomas, principalmente de regi\u00f5es mais esquecidas pelo resto do mundo.<\/p>\n\n\n\n<p>&#8220;Estamos conversando com potenciais apoiadores para fazer novas vozes em outros idiomas. Existem muitos idiomas pelo mundo afora que n\u00e3o t\u00eam bons sintetizadores. \u00c9 uma tecnologia bastante complexa e muitas empresas n\u00e3o est\u00e3o interessadas em desenvolver esse aplicativo em idiomas que s\u00f3 s\u00e3o falados em pa\u00edses da \u00c1frica, por exemplo&#8221;.<\/p>\n\n\n\n<h2 class=\"wp-block-heading\">Tecnologia (n\u00e3o) inclusivas<\/h2>\n\n\n\n<p>Apesar de inven\u00e7\u00f5es como a Let\u00edcia sinalizarem um avan\u00e7o na qualidade de vida e na igualdade de oportunidades para deficientes visuais, a realidade dessas pessoas, em um mundo cada vez mais tecnol\u00f3gico, n\u00e3o \u00e9 f\u00e1cil. O programador \u00c3ngelo Beck explica, por exemplo, como passou a ser mais dif\u00edcil operar uma simples m\u00e1quina de lavar roupas ou um aparelho microondas. &#8220;Hoje em dia, n\u00e3o encontro mais uma m\u00e1quina com controle simples, que voc\u00ea pode girar e definir a escolha. No caso dos microondas, costumam tem um painel livre, sem auto-relevo&#8221;.<\/p>\n\n\n\n<p>At\u00e9 mesmo um caixa eletr\u00f4nico, sob o argumento de ser mais tecnol\u00f3gico, passou a n\u00e3o incluir mais pessoas com defici\u00eancia visual. &#8220;Antigamente, rodava uma grava\u00e7\u00e3o em \u00e1udio, tipo &#8216;digite sua senha&#8217;, mas hoje em dia tem uma tela de LCD e n\u00e3o consigo operar o caixa porque ele n\u00e3o tem sintetizador de voz. N\u00e3o \u00e9 falta de tecnologia dispon\u00edvel, \u00e9 falta de pensar um produto levando em considera\u00e7\u00e3o um desenho universal, acess\u00edvel&#8221;, critica.<\/p>\n\n\n\n<h2 class=\"wp-block-heading\">Expo Dubai 2020<\/h2>\n\n\n\n<p>Com o tema \u201cConectando Mentes, Criando o Futuro\u201d, a Expo Dubai 2020 deve receber, num per\u00edodo de seis meses, mais de 25 milh\u00f5es de pessoas de todos os continentes. Est\u00e3o previstos cerca de 60 eventos di\u00e1rios ao longo de 173 dias, incluindo apresenta\u00e7\u00f5es musicais, de tecnologia e cultura. Ao menos 200 pontos de vendas apresentar\u00e3o chefs e culin\u00e1ria de todos as partes do mundo.<\/p>\n\n\n\n<p>S\u00e3o esperadas exposi\u00e7\u00f5es e representa\u00e7\u00f5es de 192 pa\u00edses, al\u00e9m de organismos multilaterais, empresas e institui\u00e7\u00f5es educacionais.<\/p>\n\n\n\n<p>As Expo Mundiais s\u00e3o realizadas desde 1851 e re\u00fanem governos, organiza\u00e7\u00f5es internacionais e empresas com o objetivo de encontrar solu\u00e7\u00f5es para desafios universais e promover suas realiza\u00e7\u00f5es, produtos, ideias, inova\u00e7\u00f5es, turismo, al\u00e9m das marcas nacionais, com\u00e9rcio e investimentos. A Expo Dubai 2020 ser\u00e1 a edi\u00e7\u00e3o de n\u00famero 168 da hist\u00f3ria.<\/p>\n\n\n\n<p>EBC<\/p>\n","protected":false},"excerpt":{"rendered":"<p>Um aplicativo gratuito est\u00e1 melhorando a vida de milhares de deficientes visuais que utilizam computadores e outros dispositivos tecnol\u00f3gicos, como smartphones e tablets. Produzido pela&hellip; <\/p>\n","protected":false},"author":1,"featured_media":143730,"comment_status":"closed","ping_status":"closed","sticky":false,"template":"","format":"standard","meta":{"sfsi_plus_gutenberg_text_before_share":"","sfsi_plus_gutenberg_show_text_before_share":"","sfsi_plus_gutenberg_icon_type":"","sfsi_plus_gutenberg_icon_alignemt":"","sfsi_plus_gutenburg_max_per_row":"","footnotes":""},"categories":[2],"tags":[],"class_list":["post-143729","post","type-post","status-publish","format-standard","has-post-thumbnail","hentry","category-geral"],"_links":{"self":[{"href":"https:\/\/www.caririemacao.com\/1\/wp-json\/wp\/v2\/posts\/143729","targetHints":{"allow":["GET"]}}],"collection":[{"href":"https:\/\/www.caririemacao.com\/1\/wp-json\/wp\/v2\/posts"}],"about":[{"href":"https:\/\/www.caririemacao.com\/1\/wp-json\/wp\/v2\/types\/post"}],"author":[{"embeddable":true,"href":"https:\/\/www.caririemacao.com\/1\/wp-json\/wp\/v2\/users\/1"}],"replies":[{"embeddable":true,"href":"https:\/\/www.caririemacao.com\/1\/wp-json\/wp\/v2\/comments?post=143729"}],"version-history":[{"count":1,"href":"https:\/\/www.caririemacao.com\/1\/wp-json\/wp\/v2\/posts\/143729\/revisions"}],"predecessor-version":[{"id":143731,"href":"https:\/\/www.caririemacao.com\/1\/wp-json\/wp\/v2\/posts\/143729\/revisions\/143731"}],"wp:featuredmedia":[{"embeddable":true,"href":"https:\/\/www.caririemacao.com\/1\/wp-json\/wp\/v2\/media\/143730"}],"wp:attachment":[{"href":"https:\/\/www.caririemacao.com\/1\/wp-json\/wp\/v2\/media?parent=143729"}],"wp:term":[{"taxonomy":"category","embeddable":true,"href":"https:\/\/www.caririemacao.com\/1\/wp-json\/wp\/v2\/categories?post=143729"},{"taxonomy":"post_tag","embeddable":true,"href":"https:\/\/www.caririemacao.com\/1\/wp-json\/wp\/v2\/tags?post=143729"}],"curies":[{"name":"wp","href":"https:\/\/api.w.org\/{rel}","templated":true}]}}