{"id":143734,"date":"2019-12-30T10:08:06","date_gmt":"2019-12-30T13:08:06","guid":{"rendered":"http:\/\/www.caririemacao.com\/1\/?p=143734"},"modified":"2019-12-30T10:08:06","modified_gmt":"2019-12-30T13:08:06","slug":"ministro-diz-que-proximo-desafio-do-governo-e-reforma-tributaria","status":"publish","type":"post","link":"https:\/\/www.caririemacao.com\/1\/2019\/12\/30\/ministro-diz-que-proximo-desafio-do-governo-e-reforma-tributaria\/","title":{"rendered":"Ministro diz que pr\u00f3ximo desafio do governo \u00e9 reforma tribut\u00e1ria"},"content":{"rendered":"\n<p><br>Ele \u00e9 um construtor de pontes, como gosta de ressaltar. &nbsp;Essa foi uma das habilidades que ministro-chefe da Secretaria de Governo, Luiz Eduardo Ramos, teve que colocar muito em pr\u00e1tica neste ano.<\/p>\n\n\n\n<p>Afinal, dialogar com centenas de parlamentares de diferentes partidos, estados e interesses n\u00e3o \u00e9 tarefa das mais f\u00e1ceis. O general do Ex\u00e9rcito \u00e9 um dos mais novos ministros do governo Bolsonaro. Assumiu em julho deste ano com a responsabilidade de afinar a rela\u00e7\u00e3o do Executivo com o Legislativo. Chegou no meio da tramita\u00e7\u00e3o da Reforma da Previd\u00eancia e termina o ano com ela aprovada.<\/p>\n\n\n\n<p>O sucesso da negocia\u00e7\u00e3o faz o ministro vislumbrar um ano novo menos turbulento.<\/p>\n\n\n\n<p>\u201cA minha esperan\u00e7a \u00e9 que o ano de 2020 vai ser mais sereno, at\u00e9 porque j\u00e1 nos conhecemos, eu como articulador. Existe uma express\u00e3o mineira que diz que no andar da carruagem \u00e9 que as melancias v\u00e3o se acertando. Eu tenho quase que absoluta certeza de que vai ser um relacionamento mais sereno, mais produtivo, mais do que foi 2019\u201d, avalia.<\/p>\n\n\n\n<p>O ministro conversou com a jornalista Katiuscia Neri e contou ao programa Impress\u00f5es, da&nbsp;<strong>TV Brasil<\/strong>, sobre uma das t\u00e1ticas que usou para melhorar as rela\u00e7\u00f5es do governo com o Congresso:<\/p>\n\n\n\n<p>\u201cFoi me aproximar, conversar com eles, ir nos gabinetes, no Senado. Eu comecei a implementar uma maneira direta e, \u00e0s vezes, eles ficavam assustados. Eu apare\u00e7o no plen\u00e1rio, o pessoal se assusta, mas eu me sinto bem\u201d.<\/p>\n\n\n\n<p>Na mesa do ministro j\u00e1 h\u00e1 uma lista extensa de projetos para o segundo ano do governo Bolsonaro: pacto federativo, reforma administrativa e a reforma tribut\u00e1ria. Essa \u00faltima \u00e9, segundo o ministro, a prioridade do governo nas articula\u00e7\u00f5es pol\u00edticas com o Congresso. \u201c A reforma tribut\u00e1ria \u00e9 fundamental, ela \u00e9 o complemento da reforma previdenci\u00e1ria\u201d, afirma.<\/p>\n\n\n\n<figure class=\"wp-block-image\"><img decoding=\"async\" data-src=\"https:\/\/paraibaonline.com.br\/wp-content\/uploads\/2019\/12\/MINISTRO-RAMOS-567x378.jpg\" alt=\"Foto: TV Brasil\" class=\"wp-image-828135 lazyload\" src=\"data:image\/svg+xml;base64,PHN2ZyB3aWR0aD0iMSIgaGVpZ2h0PSIxIiB4bWxucz0iaHR0cDovL3d3dy53My5vcmcvMjAwMC9zdmciPjwvc3ZnPg==\" style=\"--smush-placeholder-width: 567px; --smush-placeholder-aspect-ratio: 567\/378;\" \/><\/figure>\n\n\n\n<p>Foto: TV Brasil<\/p>\n\n\n\n<p>Mas, para o projeto andar, o ministro lembra que existe um gargalo: as elei\u00e7\u00f5es do ano que vem: \u201ctemos at\u00e9 mais ou menos julho\u201d.&nbsp; E enfatiza que n\u00e3o adianta acelerar o processo.<\/p>\n\n\n\n<p>\u201cO presidente n\u00e3o imp\u00f5e nada ao Congresso, ele foi parlamentar por 28 anos. \u00c0s vezes, eu falo com ele, ele fala: \u2018Ramos, \u00e9 o Congresso, ele que decide\u2019. O Congresso, a gente manda um projeto, eles mexem\u2026 \u00e9 democracia.\u201d<\/p>\n\n\n\n<p>A reforma tribut\u00e1ria pode ser considerada uma das mais ambiciosas e mais dif\u00edceis para aprova\u00e7\u00e3o. Por isso, o ministro Ramos sabe que o caminho n\u00e3o vai ser f\u00e1cil.<\/p>\n\n\n\n<p>\u201cA da Previd\u00eancia mexeu com as pessoas, n\u00e9? A tribut\u00e1ria, al\u00e9m de mexer com as pessoas, vai mexer com os estados. O Brasil \u00e9 um continente, cada estado tem seu interesse e com suas regi\u00f5es com n\u00edveis de economia diferentes.\u201d<\/p>\n\n\n\n<p>O trabalho de articula\u00e7\u00e3o n\u00e3o \u00e9 dos mais f\u00e1ceis e o ministro chegou a ganhar um apelido de um senador pelo esfor\u00e7o que tem feito em unir o Congresso. \u201cEles falaram que eu sou surfista de tsunami. E eu perguntei ao senador, e ele me disse: \u201cQuando a coisa est\u00e1 come\u00e7ando\u2026 vem voc\u00ea com a prancha e vai tentando resolver o problema.\u201d<\/p>\n\n\n\n<p>Com tanto desafio pela frente, o ministro diz que tem horas em que precisa parar e fazer o que chama de terapia: praticar o&nbsp;<em>hobby<\/em>&nbsp;de andar de moto.<\/p>\n\n\n\n<p>\u201cEu tenho desde garoto, meu pai me deu quando eu era cadete. A moto, para mim, \u00e9 um prazer, uma paix\u00e3o que eu tenho\u201d, conclui.<\/p>\n","protected":false},"excerpt":{"rendered":"<p>Ele \u00e9 um construtor de pontes, como gosta de ressaltar. &nbsp;Essa foi uma das habilidades que ministro-chefe da Secretaria de Governo, Luiz Eduardo Ramos, teve&hellip; <\/p>\n","protected":false},"author":1,"featured_media":143735,"comment_status":"closed","ping_status":"closed","sticky":false,"template":"","format":"standard","meta":{"sfsi_plus_gutenberg_text_before_share":"","sfsi_plus_gutenberg_show_text_before_share":"","sfsi_plus_gutenberg_icon_type":"","sfsi_plus_gutenberg_icon_alignemt":"","sfsi_plus_gutenburg_max_per_row":"","footnotes":""},"categories":[11],"tags":[],"class_list":["post-143734","post","type-post","status-publish","format-standard","has-post-thumbnail","hentry","category-politica"],"_links":{"self":[{"href":"https:\/\/www.caririemacao.com\/1\/wp-json\/wp\/v2\/posts\/143734","targetHints":{"allow":["GET"]}}],"collection":[{"href":"https:\/\/www.caririemacao.com\/1\/wp-json\/wp\/v2\/posts"}],"about":[{"href":"https:\/\/www.caririemacao.com\/1\/wp-json\/wp\/v2\/types\/post"}],"author":[{"embeddable":true,"href":"https:\/\/www.caririemacao.com\/1\/wp-json\/wp\/v2\/users\/1"}],"replies":[{"embeddable":true,"href":"https:\/\/www.caririemacao.com\/1\/wp-json\/wp\/v2\/comments?post=143734"}],"version-history":[{"count":1,"href":"https:\/\/www.caririemacao.com\/1\/wp-json\/wp\/v2\/posts\/143734\/revisions"}],"predecessor-version":[{"id":143736,"href":"https:\/\/www.caririemacao.com\/1\/wp-json\/wp\/v2\/posts\/143734\/revisions\/143736"}],"wp:featuredmedia":[{"embeddable":true,"href":"https:\/\/www.caririemacao.com\/1\/wp-json\/wp\/v2\/media\/143735"}],"wp:attachment":[{"href":"https:\/\/www.caririemacao.com\/1\/wp-json\/wp\/v2\/media?parent=143734"}],"wp:term":[{"taxonomy":"category","embeddable":true,"href":"https:\/\/www.caririemacao.com\/1\/wp-json\/wp\/v2\/categories?post=143734"},{"taxonomy":"post_tag","embeddable":true,"href":"https:\/\/www.caririemacao.com\/1\/wp-json\/wp\/v2\/tags?post=143734"}],"curies":[{"name":"wp","href":"https:\/\/api.w.org\/{rel}","templated":true}]}}