{"id":143739,"date":"2019-12-30T10:12:36","date_gmt":"2019-12-30T13:12:36","guid":{"rendered":"http:\/\/www.caririemacao.com\/1\/?p=143739"},"modified":"2019-12-30T10:12:36","modified_gmt":"2019-12-30T13:12:36","slug":"limite-de-juros-para-cheque-especial-comeca-a-valer-na-proxima-segunda-dia-6","status":"publish","type":"post","link":"https:\/\/www.caririemacao.com\/1\/2019\/12\/30\/limite-de-juros-para-cheque-especial-comeca-a-valer-na-proxima-segunda-dia-6\/","title":{"rendered":"Limite de juros para cheque especial come\u00e7a a valer na pr\u00f3xima segunda, dia 6"},"content":{"rendered":"\n<p>Modalidade de cr\u00e9dito com taxas que quadruplicam uma d\u00edvida em 12 meses, o cheque especial ter\u00e1 juros limitados a partir da pr\u00f3xima segunda-feira (6). Os bancos n\u00e3o poder\u00e3o cobrar taxas superiores a 8% ao m\u00eas, o equivalente a 151,8% ao ano.<\/p>\n\n\n\n<p>A limita\u00e7\u00e3o dos juros do cheque especial foi decidida pelo Conselho Monet\u00e1rio Nacional (CMN) no fim de novembro. Os juros do cheque especial encerraram novembro em 12,4% ao m\u00eas, o que equivale a 306,6% ao ano.<\/p>\n\n\n\n<p>Ao divulgar a medida, o Banco Central (BC) explicou que o teto de juros pretende tornar o cheque especial mais eficiente e menos regressivo (menos prejudicial para a popula\u00e7\u00e3o mais pobre). Para a autoridade monet\u00e1ria, as mudan\u00e7as no cheque especial corrigir\u00e3o falhas de mercado nessa modalidade de cr\u00e9dito.<\/p>\n\n\n\n<p>Conforme o BC, a regulamenta\u00e7\u00e3o de linhas emergenciais de cr\u00e9dito existe tanto em economias avan\u00e7adas como em outros pa\u00edses emergentes. Segundo a autoridade monet\u00e1ria, o sistema antigo do cheque especial, com taxas livres, n\u00e3o favorecia a competi\u00e7\u00e3o entre os bancos. Isso porque a modalidade \u00e9 pouco sens\u00edvel aos juros, sem mudar o comportamento dos clientes mesmo quando as taxas cobradas sobem.<\/p>\n\n\n\n<p><strong>Tarifa<\/strong><\/p>\n\n\n\n<p>Para financiar em parte a queda dos juros do cheque especial, o CMN autorizou as institui\u00e7\u00f5es financeiras a cobrar, a partir de 1\u00ba de junho, tarifa de quem tem limite do cheque especial maior que R$ 500 por m\u00eas. Equivalente a 0,25% do limite que exceder R$ 500, a tarifa ser\u00e1 descontada do valor devido em juros do cheque especial.<\/p>\n\n\n\n<p>Cada cliente ter\u00e1, a princ\u00edpio, um limite pr\u00e9-aprovado de R$ 500 por m\u00eas para o cheque especial sem pagar tarifa. Se o cliente pedir mais que esse limite, a tarifa incidir\u00e1 sobre o valor excedente. O CMN determinou que os bancos comuniquem a cobran\u00e7a ao cliente com 30 dias de anteced\u00eancia.<\/p>\n\n\n\n<p>No \u00faltimo dia 23, o Banco do Brasil anunciou que dispensar\u00e1 os clientes da tarifa em 2020. Segundo a institui\u00e7\u00e3o financeira, a isen\u00e7\u00e3o tem como objetivo fortalecer a rela\u00e7\u00e3o com os clientes.<\/p>\n","protected":false},"excerpt":{"rendered":"<p>Modalidade de cr\u00e9dito com taxas que quadruplicam uma d\u00edvida em 12 meses, o cheque especial ter\u00e1 juros limitados a partir da pr\u00f3xima segunda-feira (6). Os&hellip; <\/p>\n","protected":false},"author":1,"featured_media":11337,"comment_status":"closed","ping_status":"closed","sticky":false,"template":"","format":"standard","meta":{"sfsi_plus_gutenberg_text_before_share":"","sfsi_plus_gutenberg_show_text_before_share":"","sfsi_plus_gutenberg_icon_type":"","sfsi_plus_gutenberg_icon_alignemt":"","sfsi_plus_gutenburg_max_per_row":"","footnotes":""},"categories":[2],"tags":[],"class_list":["post-143739","post","type-post","status-publish","format-standard","has-post-thumbnail","hentry","category-geral"],"_links":{"self":[{"href":"https:\/\/www.caririemacao.com\/1\/wp-json\/wp\/v2\/posts\/143739","targetHints":{"allow":["GET"]}}],"collection":[{"href":"https:\/\/www.caririemacao.com\/1\/wp-json\/wp\/v2\/posts"}],"about":[{"href":"https:\/\/www.caririemacao.com\/1\/wp-json\/wp\/v2\/types\/post"}],"author":[{"embeddable":true,"href":"https:\/\/www.caririemacao.com\/1\/wp-json\/wp\/v2\/users\/1"}],"replies":[{"embeddable":true,"href":"https:\/\/www.caririemacao.com\/1\/wp-json\/wp\/v2\/comments?post=143739"}],"version-history":[{"count":1,"href":"https:\/\/www.caririemacao.com\/1\/wp-json\/wp\/v2\/posts\/143739\/revisions"}],"predecessor-version":[{"id":143740,"href":"https:\/\/www.caririemacao.com\/1\/wp-json\/wp\/v2\/posts\/143739\/revisions\/143740"}],"wp:featuredmedia":[{"embeddable":true,"href":"https:\/\/www.caririemacao.com\/1\/wp-json\/wp\/v2\/media\/11337"}],"wp:attachment":[{"href":"https:\/\/www.caririemacao.com\/1\/wp-json\/wp\/v2\/media?parent=143739"}],"wp:term":[{"taxonomy":"category","embeddable":true,"href":"https:\/\/www.caririemacao.com\/1\/wp-json\/wp\/v2\/categories?post=143739"},{"taxonomy":"post_tag","embeddable":true,"href":"https:\/\/www.caririemacao.com\/1\/wp-json\/wp\/v2\/tags?post=143739"}],"curies":[{"name":"wp","href":"https:\/\/api.w.org\/{rel}","templated":true}]}}