{"id":143748,"date":"2019-12-30T10:15:34","date_gmt":"2019-12-30T13:15:34","guid":{"rendered":"http:\/\/www.caririemacao.com\/1\/?p=143748"},"modified":"2019-12-30T10:15:34","modified_gmt":"2019-12-30T13:15:34","slug":"economistas-projetam-leve-alta-do-pib-deste-ano","status":"publish","type":"post","link":"https:\/\/www.caririemacao.com\/1\/2019\/12\/30\/economistas-projetam-leve-alta-do-pib-deste-ano\/","title":{"rendered":"Economistas projetam leve alta do PIB deste ano"},"content":{"rendered":"\n<p>As estimativas de economistas e institui\u00e7\u00f5es financeiras consultadas pelo Banco Central (BC) para o PIB deste ano subiu mais uma vez, segundo o boletim Focus, divulgado toda&nbsp;segunda-feira.<\/p>\n\n\n\n<p>No relat\u00f3rio de&nbsp;hoje&nbsp;(30), a proje\u00e7\u00e3o de crescimento para 2019 \u00e9&nbsp;de 1,17%, acima dos 1,16% previstos na semana passada. Para o pr\u00f3ximo ano, a proje\u00e7\u00e3o subiu de 2,28% para 2,30%.<\/p>\n\n\n\n<p>Em rela\u00e7\u00e3o \u00e0 infla\u00e7\u00e3o, a estimativa para o \u00cdndice Nacional de Pre\u00e7os ao Consumidor Amplo (IPCA \u2013 a infla\u00e7\u00e3o oficial do pa\u00eds) deste ano subiu pela oitava vez seguida, de 3,98% para 4,04% em 2019.<\/p>\n\n\n\n<p>Para 2020, a estimativa de infla\u00e7\u00e3o subiu levemente, para 3,61%, depois de ficar por oito semanas em 3,60%. A previs\u00e3o para os anos seguintes n\u00e3o teve altera\u00e7\u00f5es, mantendo-se em 3,75% para 2021, e 3,50% para 2022.<\/p>\n\n\n\n<p>As proje\u00e7\u00f5es para 2019 e 2020 est\u00e3o abaixo do centro da meta de infla\u00e7\u00e3o que deve ser perseguida pelo BC. A meta de infla\u00e7\u00e3o, definida pelo Conselho Monet\u00e1rio Nacional, \u00e9 4,25% em 2019, 4% em 2020, 3,75% em 2021 e 3,50% em 2022, com intervalo de toler\u00e2ncia de 1,5 ponto percentual para cima ou para baixo.<\/p>\n\n\n\n<h2 class=\"wp-block-heading\">Selic<\/h2>\n\n\n\n<p>Para alcan\u00e7ar a meta de infla\u00e7\u00e3o, o Banco Central usa como principal instrumento a taxa b\u00e1sica de juros, a Selic, atualmente definida em 4,5% ao ano pelo Comit\u00ea de Pol\u00edtica Monet\u00e1ria (Copom).<\/p>\n\n\n\n<p>De acordo com as institui\u00e7\u00f5es financeiras, no fim de 2020, a expectativa \u00e9 que a taxa b\u00e1sica tamb\u00e9m esteja em 4,5% ao ano. Para 2021, as institui\u00e7\u00f5es estimam que a Selic encerre o per\u00edodo em 6,38% ao ano. A estimativa anterior era 6,25% ao ano. Para o final de 2022, a previs\u00e3o segue em 6,5% ao ano.<\/p>\n\n\n\n<p>Quando o Copom reduz a Selic, a tend\u00eancia \u00e9 que o cr\u00e9dito fique mais barato, com incentivo \u00e0 produ\u00e7\u00e3o e ao consumo, reduzindo o controle da infla\u00e7\u00e3o e estimulando a atividade econ\u00f4mica.<\/p>\n\n\n\n<p>Por outro lado, quando&nbsp;o Copom aumenta a taxa b\u00e1sica de juros, o objetivo \u00e9 conter a demanda aquecida e isso causa reflexos nos pre\u00e7os porque os juros mais altos encarecem o cr\u00e9dito e estimulam a poupan\u00e7a. A manuten\u00e7\u00e3o da Selic indica que o Copom considera as altera\u00e7\u00f5es anteriores suficientes para chegar \u00e0 meta de infla\u00e7\u00e3o.<\/p>\n\n\n\n<h2 class=\"wp-block-heading\">D\u00f3lar<\/h2>\n\n\n\n<p>A proje\u00e7\u00e3o para a cota\u00e7\u00e3o do d\u00f3lar ficou est\u00e1vel em R$ 4,10 no fim de 2019, e caiu para R$ 4,10 no encerramento de 2020.<\/p>\n\n\n\n<p>Ag\u00eancia Brasil <\/p>\n","protected":false},"excerpt":{"rendered":"<p>As estimativas de economistas e institui\u00e7\u00f5es financeiras consultadas pelo Banco Central (BC) para o PIB deste ano subiu mais uma vez, segundo o boletim Focus,&hellip; <\/p>\n","protected":false},"author":1,"featured_media":102869,"comment_status":"closed","ping_status":"closed","sticky":false,"template":"","format":"standard","meta":{"sfsi_plus_gutenberg_text_before_share":"","sfsi_plus_gutenberg_show_text_before_share":"","sfsi_plus_gutenberg_icon_type":"","sfsi_plus_gutenberg_icon_alignemt":"","sfsi_plus_gutenburg_max_per_row":"","footnotes":""},"categories":[2],"tags":[],"class_list":["post-143748","post","type-post","status-publish","format-standard","has-post-thumbnail","hentry","category-geral"],"_links":{"self":[{"href":"https:\/\/www.caririemacao.com\/1\/wp-json\/wp\/v2\/posts\/143748","targetHints":{"allow":["GET"]}}],"collection":[{"href":"https:\/\/www.caririemacao.com\/1\/wp-json\/wp\/v2\/posts"}],"about":[{"href":"https:\/\/www.caririemacao.com\/1\/wp-json\/wp\/v2\/types\/post"}],"author":[{"embeddable":true,"href":"https:\/\/www.caririemacao.com\/1\/wp-json\/wp\/v2\/users\/1"}],"replies":[{"embeddable":true,"href":"https:\/\/www.caririemacao.com\/1\/wp-json\/wp\/v2\/comments?post=143748"}],"version-history":[{"count":1,"href":"https:\/\/www.caririemacao.com\/1\/wp-json\/wp\/v2\/posts\/143748\/revisions"}],"predecessor-version":[{"id":143749,"href":"https:\/\/www.caririemacao.com\/1\/wp-json\/wp\/v2\/posts\/143748\/revisions\/143749"}],"wp:featuredmedia":[{"embeddable":true,"href":"https:\/\/www.caririemacao.com\/1\/wp-json\/wp\/v2\/media\/102869"}],"wp:attachment":[{"href":"https:\/\/www.caririemacao.com\/1\/wp-json\/wp\/v2\/media?parent=143748"}],"wp:term":[{"taxonomy":"category","embeddable":true,"href":"https:\/\/www.caririemacao.com\/1\/wp-json\/wp\/v2\/categories?post=143748"},{"taxonomy":"post_tag","embeddable":true,"href":"https:\/\/www.caririemacao.com\/1\/wp-json\/wp\/v2\/tags?post=143748"}],"curies":[{"name":"wp","href":"https:\/\/api.w.org\/{rel}","templated":true}]}}