{"id":143751,"date":"2019-12-30T10:21:56","date_gmt":"2019-12-30T13:21:56","guid":{"rendered":"http:\/\/www.caririemacao.com\/1\/?p=143751"},"modified":"2019-12-30T10:21:56","modified_gmt":"2019-12-30T13:21:56","slug":"saude-de-caraubas-e-contemplada-com-recursos-da-atencao-basica","status":"publish","type":"post","link":"https:\/\/www.caririemacao.com\/1\/2019\/12\/30\/saude-de-caraubas-e-contemplada-com-recursos-da-atencao-basica\/","title":{"rendered":"Sa\u00fade de Cara\u00fabas \u00e9 contemplada com recursos da aten\u00e7\u00e3o b\u00e1sica"},"content":{"rendered":"\n<p>Os investimentos em sa\u00fade n\u00e3o param de crescer no munic\u00edpio de Cara\u00fabas, gra\u00e7as ao trabalho que vem sendo desenvolvido pela atual gest\u00e3o, principalmente, no que diz respeito a Aten\u00e7\u00e3o B\u00e1sica. <\/p>\n\n\n\n<p>Depois de conquistar e adquirir equipamentos, ambul\u00e2ncias, contrata\u00e7\u00e3o de profissionais, inaugura\u00e7\u00e3o de UBSF e gra\u00e7as a disponibilidade de recursos oriundos de emendas parlamentares, os servi\u00e7os come\u00e7am a tomar forma.<br><\/p>\n\n\n\n<p>Na \u00faltima sexta-feira, dia 17\/12, foi autorizado o pagamento de R$ 100.000,00(Cem Mil Reais) pela Minist\u00e9rio da Sa\u00fade, oriundos de recursos de Emenda do Deputado Federal Efraim Filho(DEM). A not\u00edcia foi recebida com euforia pelo secret\u00e1rio da sa\u00fade, Leonardo Eneas Almeida, pois, ir\u00e1 proporcionar mais investimentos para nossas equipes da sa\u00fade, disse ele.<br><\/p>\n\n\n\n<p>Receber mais essa not\u00edcia no fim de ano \u00e9 espetacular. Um verdadeiro presente de fim de ano para a sa\u00fade. Vamos continuar investindo pesado na sa\u00fade para que possamos a cada dia melhorar as condi\u00e7\u00f5es de vida da nossa popula\u00e7\u00e3o. <\/p>\n\n\n\n<p>Em menos de um ano j\u00e1 se percebe o quanto foi investido na Aten\u00e7\u00e3o B\u00e1sica de Cara\u00fabas. Foram adquiridos equipamentos importantes para se desenvolver um trabalho s\u00e9rio e de dignidade para os que mais precisam, afirmou.<br> <\/p>\n\n\n\n<p>Em um ano foram estregues 03(tr\u00eas) ve\u00edculos oficiais, sendo 02(duas) ambul\u00e2ncias e 01(uma) Van para o transporte de pacientes. <\/p>\n\n\n\n<p>Inauguramos a sala de emerg\u00eancia e adquirimos equipamentos para atendimento do setor de cardiologia, compramos gabinetes odontol\u00f3gicos, distribu\u00edmos pr\u00f3teses dent\u00e1rias com a F\u00e1brica de Sorrisos, garantimos o funcionamento da Farm\u00e1cia B\u00e1sica, enfim, chegamos ao final de mais um ano com a garantia de que todos os investimentos fazem de Cara\u00fabas um munic\u00edpio saud\u00e1vel, concluiu Leonardo.<br><\/p>\n\n\n\n<p>O prefeito Silvano Dudu agradeceu mais uma vez o empenho do Deputado Efraim Filho que disponibilizou recursos que ir\u00e3o ajudar nossa gest\u00e3o da Aten\u00e7\u00e3o B\u00e1sica a continuar desenvolvendo esse trabalho comprometido com os mais necessitados. <\/p>\n\n\n\n<p>Os caraubenses saber\u00e3o retribuir ao Deputado todo esfor\u00e7o que vem sendo feito em prol n\u00e3o s\u00f3 da sa\u00fade mais de todas as \u00e1reas em que foram disponibilizados recursos, concluiu o prefeito.<\/p>\n\n\n\n<p>Fonte: SEPLACOM<br>Foto: Arquivo SEPLACOM<\/p>\n","protected":false},"excerpt":{"rendered":"<p>Os investimentos em sa\u00fade n\u00e3o param de crescer no munic\u00edpio de Cara\u00fabas, gra\u00e7as ao trabalho que vem sendo desenvolvido pela atual gest\u00e3o, principalmente, no que&hellip; <\/p>\n","protected":false},"author":1,"featured_media":143752,"comment_status":"closed","ping_status":"closed","sticky":false,"template":"","format":"standard","meta":{"sfsi_plus_gutenberg_text_before_share":"","sfsi_plus_gutenberg_show_text_before_share":"","sfsi_plus_gutenberg_icon_type":"","sfsi_plus_gutenberg_icon_alignemt":"","sfsi_plus_gutenburg_max_per_row":"","footnotes":""},"categories":[6],"tags":[],"class_list":["post-143751","post","type-post","status-publish","format-standard","has-post-thumbnail","hentry","category-cidades"],"_links":{"self":[{"href":"https:\/\/www.caririemacao.com\/1\/wp-json\/wp\/v2\/posts\/143751","targetHints":{"allow":["GET"]}}],"collection":[{"href":"https:\/\/www.caririemacao.com\/1\/wp-json\/wp\/v2\/posts"}],"about":[{"href":"https:\/\/www.caririemacao.com\/1\/wp-json\/wp\/v2\/types\/post"}],"author":[{"embeddable":true,"href":"https:\/\/www.caririemacao.com\/1\/wp-json\/wp\/v2\/users\/1"}],"replies":[{"embeddable":true,"href":"https:\/\/www.caririemacao.com\/1\/wp-json\/wp\/v2\/comments?post=143751"}],"version-history":[{"count":1,"href":"https:\/\/www.caririemacao.com\/1\/wp-json\/wp\/v2\/posts\/143751\/revisions"}],"predecessor-version":[{"id":143753,"href":"https:\/\/www.caririemacao.com\/1\/wp-json\/wp\/v2\/posts\/143751\/revisions\/143753"}],"wp:featuredmedia":[{"embeddable":true,"href":"https:\/\/www.caririemacao.com\/1\/wp-json\/wp\/v2\/media\/143752"}],"wp:attachment":[{"href":"https:\/\/www.caririemacao.com\/1\/wp-json\/wp\/v2\/media?parent=143751"}],"wp:term":[{"taxonomy":"category","embeddable":true,"href":"https:\/\/www.caririemacao.com\/1\/wp-json\/wp\/v2\/categories?post=143751"},{"taxonomy":"post_tag","embeddable":true,"href":"https:\/\/www.caririemacao.com\/1\/wp-json\/wp\/v2\/tags?post=143751"}],"curies":[{"name":"wp","href":"https:\/\/api.w.org\/{rel}","templated":true}]}}