{"id":143760,"date":"2019-12-30T12:49:42","date_gmt":"2019-12-30T15:49:42","guid":{"rendered":"http:\/\/www.caririemacao.com\/1\/?p=143760"},"modified":"2019-12-30T12:49:42","modified_gmt":"2019-12-30T15:49:42","slug":"botafogo-pb-perde-para-o-abc-no-ultimo-teste-de-2019","status":"publish","type":"post","link":"https:\/\/www.caririemacao.com\/1\/2019\/12\/30\/botafogo-pb-perde-para-o-abc-no-ultimo-teste-de-2019\/","title":{"rendered":"Botafogo-PB perde para o ABC no \u00faltimo teste de 2019"},"content":{"rendered":"\n<p><br>Na tarde deste domingo (29), o Botafogo-PB foi at\u00e9 Natal para disputar seu \u00faltimo jogo-treino em 2019. Contra o ABC-RN, o Botafogo-PB testou dois times diferentes, e acabou derrotado pelo placar de 2 a 1.<\/p>\n\n\n\n<p>Inicialmente, Evaristo Piza escalou o Belo com Saulo, Neilson, Fred, Lu\u00eds Gustavo, M\u00e1rio; Rog\u00e9rio, Everton Heleno, C\u00e1ssio Gabriel, Rodrigo Andrade; Kelvin e Lohan. Os meio-campistas Juninho e Enercio, lesionados, n\u00e3o foram relacionados para o duelo.<\/p>\n\n\n\n<figure class=\"wp-block-image\"><img decoding=\"async\" data-src=\"https:\/\/paraibaonline.com.br\/wp-content\/uploads\/2019\/12\/ABCxBotafogoPB.jpg\" alt=\"Para\u00edba Online \u2022 Botafogo-PB perde para o ABC no \u00faltimo teste de 2019\" class=\"wp-image-828145 lazyload\" src=\"data:image\/svg+xml;base64,PHN2ZyB3aWR0aD0iMSIgaGVpZ2h0PSIxIiB4bWxucz0iaHR0cDovL3d3dy53My5vcmcvMjAwMC9zdmciPjwvc3ZnPg==\" \/><\/figure>\n\n\n\n<p>Foto: Ascom \/ ABC<\/p>\n\n\n\n<p>Jogando com os que podem ser considerados titulares, o time da estrela vermelha saiu perdendo antes do intervalo, com gols sofridos por Cedric, aos 18, e Felipe Manoel, em um chuta\u00e7o de fora da \u00e1rea, aos 38 minutos.<\/p>\n\n\n\n<p>Para o segundo tempo, o t\u00e9cnico botafoguense retirou do time o goleiro Saulo, o volante Rog\u00e9rio, o lateral-direito Neislon e o atacante Lohan para colocar Samuel, Marcos Vinicius, Israel e M\u00e1rio S\u00e9rgio, respectivamente.<\/p>\n\n\n\n<p>S\u00f3 no final da partida, j\u00e1 com os times bastante modificados, o Botafogo-PB conseguiu diminuir. Aos 43 minutos, Dico avan\u00e7ou pela esquerda at\u00e9 a linha de fundo e cruzou para M\u00e1rio S\u00e9rgio completar e marcar o gol que fechou o placar.<\/p>\n\n\n\n<p>O time do Belo que encerrou o jogo-treino foi Samuel, Israel, Donato, Marcelo Xavier, Wellington C\u00e9zar; Marcos Vinicius, Eriv\u00e9lton, Lucas Praxedes; Maikon Aquino, Dico, M\u00e1rio S\u00e9rgio.<\/p>\n\n\n\n<p>No pr\u00f3ximo domingo (05), o Botafogo-PB tem mais um teste, desta vez diante do Vit\u00f3ria das Tabocas-PE. O Belo ainda enfrenta o Sport Lagoa Seca, no dia 12, antes de sua estreia no Campeonato Paraibano, que acontece no dia 19 de janeiro, contra o S\u00e3o Paulo Crystal.<\/p>\n","protected":false},"excerpt":{"rendered":"<p>Na tarde deste domingo (29), o Botafogo-PB foi at\u00e9 Natal para disputar seu \u00faltimo jogo-treino em 2019. Contra o ABC-RN, o Botafogo-PB testou dois times&hellip; <\/p>\n","protected":false},"author":1,"featured_media":143762,"comment_status":"closed","ping_status":"closed","sticky":false,"template":"","format":"standard","meta":{"sfsi_plus_gutenberg_text_before_share":"","sfsi_plus_gutenberg_show_text_before_share":"","sfsi_plus_gutenberg_icon_type":"","sfsi_plus_gutenberg_icon_alignemt":"","sfsi_plus_gutenburg_max_per_row":"","footnotes":""},"categories":[13],"tags":[],"class_list":["post-143760","post","type-post","status-publish","format-standard","has-post-thumbnail","hentry","category-esportes"],"_links":{"self":[{"href":"https:\/\/www.caririemacao.com\/1\/wp-json\/wp\/v2\/posts\/143760","targetHints":{"allow":["GET"]}}],"collection":[{"href":"https:\/\/www.caririemacao.com\/1\/wp-json\/wp\/v2\/posts"}],"about":[{"href":"https:\/\/www.caririemacao.com\/1\/wp-json\/wp\/v2\/types\/post"}],"author":[{"embeddable":true,"href":"https:\/\/www.caririemacao.com\/1\/wp-json\/wp\/v2\/users\/1"}],"replies":[{"embeddable":true,"href":"https:\/\/www.caririemacao.com\/1\/wp-json\/wp\/v2\/comments?post=143760"}],"version-history":[{"count":1,"href":"https:\/\/www.caririemacao.com\/1\/wp-json\/wp\/v2\/posts\/143760\/revisions"}],"predecessor-version":[{"id":143763,"href":"https:\/\/www.caririemacao.com\/1\/wp-json\/wp\/v2\/posts\/143760\/revisions\/143763"}],"wp:featuredmedia":[{"embeddable":true,"href":"https:\/\/www.caririemacao.com\/1\/wp-json\/wp\/v2\/media\/143762"}],"wp:attachment":[{"href":"https:\/\/www.caririemacao.com\/1\/wp-json\/wp\/v2\/media?parent=143760"}],"wp:term":[{"taxonomy":"category","embeddable":true,"href":"https:\/\/www.caririemacao.com\/1\/wp-json\/wp\/v2\/categories?post=143760"},{"taxonomy":"post_tag","embeddable":true,"href":"https:\/\/www.caririemacao.com\/1\/wp-json\/wp\/v2\/tags?post=143760"}],"curies":[{"name":"wp","href":"https:\/\/api.w.org\/{rel}","templated":true}]}}