{"id":143770,"date":"2019-12-30T12:52:12","date_gmt":"2019-12-30T15:52:12","guid":{"rendered":"http:\/\/www.caririemacao.com\/1\/?p=143770"},"modified":"2019-12-30T12:52:12","modified_gmt":"2019-12-30T15:52:12","slug":"governo-brasileiro-multa-facebook-em-r-66-mi-por-compartilhamento-de-dados","status":"publish","type":"post","link":"https:\/\/www.caririemacao.com\/1\/2019\/12\/30\/governo-brasileiro-multa-facebook-em-r-66-mi-por-compartilhamento-de-dados\/","title":{"rendered":"Governo brasileiro multa Facebook em R$ 6,6 mi por compartilhamento de dados"},"content":{"rendered":"\n<p>O Minist\u00e9rio da Justi\u00e7a e Seguran\u00e7a P\u00fablica informou nesta segunda-feira (30) que decidiu multar a empresa Facebook em R$ 6,6 milh\u00f5es por suposto compartilhamento indevido de dados de usu\u00e1rios.<br>A empresa ser\u00e1 intimada e poder\u00e1 apresentar recursos \u00e0 decis\u00e3o, no prazo de dez dias. Procurado, o Facebook ainda n\u00e3o se manifestou sobre o caso.<\/p>\n\n\n\n<p>A Senacon (Secretaria Nacional do Consumidor), do Minist\u00e9rio da Justi\u00e7a, come\u00e7ou a investiga\u00e7\u00e3o ap\u00f3s den\u00fancia publicada pela imprensa, em abril de 2018, informando que usu\u00e1rios do Facebook no pa\u00eds poderiam ter sido v\u00edtimas de compartilhamento indevido de dados pela consultoria de marketing pol\u00edtico Cambridge Analytica.<\/p>\n\n\n\n<p>Ap\u00f3s a apura\u00e7\u00e3o, o governo informou que foi identificada uma pr\u00e1tica abusiva da empresa, investigada por viola\u00e7\u00e3o dos dados pessoais dos usu\u00e1rios da plataforma levando em considera\u00e7\u00e3o a forma de consentimento do consumidor.<\/p>\n\n\n\n<p>O processo administrativo apontou que &#8220;resta evidente que dados dos cerca de quatrocentos e quarenta e tr\u00eas mil usu\u00e1rios da plataforma estavam em disposi\u00e7\u00e3o indevida pelos desenvolvedores do aplicativo &#8216;thisisyourdigitallife&#8217; para finalidades, no m\u00ednimo, question\u00e1veis, e sem que as representadas conseguissem demonstrar eventual fato modificativo de que tal n\u00famero foi efetivamente menor&#8221;.<\/p>\n\n\n\n<p>&#8220;This is Your Digital Life&#8221; (Esta \u00e9 sua vida digital) \u00e9 um aplicativo que teria sido usado pela assessoria Cambridge Analytica para obter dados pessoais de usu\u00e1rios do Facebook. A consultoria brit\u00e2nica \u00e9 suspeita de usar as informa\u00e7\u00f5es de milh\u00f5es de usu\u00e1rios da plataforma digital para fins eleitorais.<\/p>\n\n\n\n<p>Para o Minist\u00e9rio da Justi\u00e7a, a rede social deveria &#8220;ter um cuidado muito maior na gest\u00e3o desses dados, uma vez que o modelo de consentimento adotado teve implica\u00e7\u00f5es relevantes para o n\u00famero de pessoas com dados expostos&#8221;.<\/p>\n\n\n\n<p>O processo concluiu, portanto, que houve falha do Facebook em oferecer a prote\u00e7\u00e3o necess\u00e1ria aos usu\u00e1rios.<br>O ministro Sergio Moro (Justi\u00e7a e Seguran\u00e7a P\u00fablica) usou uma rede social para falar sobre o caso.<\/p>\n\n\n\n<p>&#8220;O futuro da prote\u00e7\u00e3o do consumidor est\u00e1 nas redes digitais. Passou o tempo no qual o problema era a troca do liquidificador quebrado (embora este tamb\u00e9m precise ser substitu\u00eddo)&#8221;, escreveu o ministro.<\/p>\n","protected":false},"excerpt":{"rendered":"<p>O Minist\u00e9rio da Justi\u00e7a e Seguran\u00e7a P\u00fablica informou nesta segunda-feira (30) que decidiu multar a empresa Facebook em R$ 6,6 milh\u00f5es por suposto compartilhamento indevido&hellip; <\/p>\n","protected":false},"author":1,"featured_media":96050,"comment_status":"closed","ping_status":"closed","sticky":false,"template":"","format":"standard","meta":{"sfsi_plus_gutenberg_text_before_share":"","sfsi_plus_gutenberg_show_text_before_share":"","sfsi_plus_gutenberg_icon_type":"","sfsi_plus_gutenberg_icon_alignemt":"","sfsi_plus_gutenburg_max_per_row":"","footnotes":""},"categories":[50,2],"tags":[],"class_list":["post-143770","post","type-post","status-publish","format-standard","has-post-thumbnail","hentry","category-destaque","category-geral"],"_links":{"self":[{"href":"https:\/\/www.caririemacao.com\/1\/wp-json\/wp\/v2\/posts\/143770","targetHints":{"allow":["GET"]}}],"collection":[{"href":"https:\/\/www.caririemacao.com\/1\/wp-json\/wp\/v2\/posts"}],"about":[{"href":"https:\/\/www.caririemacao.com\/1\/wp-json\/wp\/v2\/types\/post"}],"author":[{"embeddable":true,"href":"https:\/\/www.caririemacao.com\/1\/wp-json\/wp\/v2\/users\/1"}],"replies":[{"embeddable":true,"href":"https:\/\/www.caririemacao.com\/1\/wp-json\/wp\/v2\/comments?post=143770"}],"version-history":[{"count":1,"href":"https:\/\/www.caririemacao.com\/1\/wp-json\/wp\/v2\/posts\/143770\/revisions"}],"predecessor-version":[{"id":143771,"href":"https:\/\/www.caririemacao.com\/1\/wp-json\/wp\/v2\/posts\/143770\/revisions\/143771"}],"wp:featuredmedia":[{"embeddable":true,"href":"https:\/\/www.caririemacao.com\/1\/wp-json\/wp\/v2\/media\/96050"}],"wp:attachment":[{"href":"https:\/\/www.caririemacao.com\/1\/wp-json\/wp\/v2\/media?parent=143770"}],"wp:term":[{"taxonomy":"category","embeddable":true,"href":"https:\/\/www.caririemacao.com\/1\/wp-json\/wp\/v2\/categories?post=143770"},{"taxonomy":"post_tag","embeddable":true,"href":"https:\/\/www.caririemacao.com\/1\/wp-json\/wp\/v2\/tags?post=143770"}],"curies":[{"name":"wp","href":"https:\/\/api.w.org\/{rel}","templated":true}]}}