{"id":143783,"date":"2019-12-30T16:18:42","date_gmt":"2019-12-30T19:18:42","guid":{"rendered":"http:\/\/www.caririemacao.com\/1\/?p=143783"},"modified":"2019-12-30T16:18:42","modified_gmt":"2019-12-30T19:18:42","slug":"maioria-prefere-investimento-em-area-social-a-seguranca-para-combater-violencia-diz-pesquisa","status":"publish","type":"post","link":"https:\/\/www.caririemacao.com\/1\/2019\/12\/30\/maioria-prefere-investimento-em-area-social-a-seguranca-para-combater-violencia-diz-pesquisa\/","title":{"rendered":"Maioria prefere investimento em \u00e1rea social a seguran\u00e7a para combater viol\u00eancia, diz pesquisa"},"content":{"rendered":"\n<p>A maioria dos brasileiros acredita que, para combater a viol\u00eancia, o governo deve priorizar investimentos na cria\u00e7\u00e3o de empregos e na melhoria da educa\u00e7\u00e3o, e n\u00e3o especificamente na \u00e1rea da seguran\u00e7a, como no treinamento e na compra de equipamentos de policiais.<br><\/p>\n\n\n\n<p>\u00c9 o que aponta pesquisa Datafolha feita em dezembro deste ano. Para 57% dos entrevistados, \u00e9 mais importante investir em \u00e1reas sociais do que na seguran\u00e7a. O investimento em pol\u00edcias \u00e9 mais importante para 41% . Outros 2% responderam que n\u00e3o sabem.<\/p>\n\n\n\n<p>Esse \u00edndice \u00e9 alto mesmo entre quem apoia o presidente Jair Bolsonaro, que se elegeu com um discurso de endurecimento da seguran\u00e7a p\u00fablica.&nbsp;<\/p>\n\n\n\n<p>Entre os que avaliam o governo com \u00f3timo ou bom, 51% acreditam que se deve investir mais nas \u00e1reas sociais, e 47% acreditam que se deve investir mais em pol\u00edcias.<\/p>\n\n\n\n<p>Para o antrop\u00f3logo Luiz Eduardo Soares, ex-secret\u00e1rio Nacional de Seguran\u00e7a P\u00fablica, uma s\u00e9rie de fatores pode alterar essa percep\u00e7\u00e3o. Se houve um crime cruel e de grande repercuss\u00e3o, por exemplo, a tend\u00eancia da sociedade \u00e9 enfatizar aspectos repressivos, o que n\u00e3o acontece em outros momentos.<\/p>\n\n\n\n<p>&#8220;Mas \u00e9 uma constata\u00e7\u00e3o preciosa. A despeito de ret\u00f3ricas ideol\u00f3gicas e muito caricatas, que promovem identifica\u00e7\u00f5es superficiais, h\u00e1 sempre espa\u00e7o para argumenta\u00e7\u00e3o, reflex\u00e3o. Quando as quest\u00f5es sociais s\u00e3o t\u00e3o graves e dram\u00e1ticas, como s\u00e3o no Brasil, com desemprego t\u00e3o grande, h\u00e1 evid\u00eancia suficiente da origem dos problemas. As pessoas s\u00e3o capazes de tirar suas conclus\u00f5es, entendendo como a crise social afeta comportamentos&#8221;, diz ele.<\/p>\n\n\n\n<p>A soci\u00f3loga Samira Bueno, diretora do F\u00f3rum Brasileiro de Seguran\u00e7a P\u00fablica, afirma que a pesquisa mostra que &#8220;h\u00e1 uma consci\u00eancia de que a desigualdade est\u00e1 diretamente vinculada \u00e0 viol\u00eancia&#8221;.&nbsp;<\/p>\n\n\n\n<p>&#8220;N\u00e3o \u00e0 toa, os territ\u00f3rios que concentram os maiores \u00edndices de viol\u00eancia s\u00e3o os de maior vulnerabilidade social&#8221;, diz.<\/p>\n\n\n\n<p>A avalia\u00e7\u00e3o de homens e mulheres sobre o tema n\u00e3o varia al\u00e9m da margem de erro. O que influencia mais essa percep\u00e7\u00e3o \u00e9 idade, escolaridade e renda dos entrevistados.<\/p>\n\n\n\n<p>Em geral, quanto menor a faixa et\u00e1ria dos entrevistados, mais a percep\u00e7\u00e3o pende para a \u00e1rea social.<\/p>\n\n\n\n<p>Renda e educa\u00e7\u00e3o formal tamb\u00e9m pesam a balan\u00e7a: entrevistados mais pobres e menos escolarizados tendem a defender mais investimentos na pol\u00edcia. Uma das poucas categorias em que h\u00e1 mais entrevistados que defendem que viol\u00eancia se resolve com policiamento \u00e9 entre os brasileiros que estudaram s\u00f3 at\u00e9 o ensino fundamental.<\/p>\n\n\n\n<p>Moradores de cidades do interior defendem mais investimento em pol\u00edcias do que quem vive em capitais e cidades em regi\u00f5es metropolitanas do pa\u00eds.<\/p>\n\n\n\n<p>O Sudeste \u00e9 a regi\u00e3o em que menos se acredita que a solu\u00e7\u00e3o da viol\u00eancia \u00e9 investir na pol\u00edcia: 35% dos entrevistados. Por outro lado, o Nordeste \u00e9 a regi\u00e3o com a maior taxa, 47%. Alguns dos estados brasileiros com as maiores \u00edndices de homic\u00eddio do pa\u00eds est\u00e3o nessa regi\u00e3o.<\/p>\n\n\n\n<p>Para Soares, uma das explica\u00e7\u00f5es poss\u00edveis \u00e9 que &#8220;quem est\u00e1 mais diretamente exposto \u00e0 viol\u00eancia se sente desprotegido e tende a enfatizar medidas mais imediatistas, que possam de alguma maneira aliviar sua ang\u00fastia e medo.&#8221;<\/p>\n\n\n\n<p>&#8220;Para pessoas que veem a viol\u00eancia mais de longe, os problemas s\u00e3o importantes, mas n\u00e3o t\u00e3o urgentes. Elas podem contemplar um horizonte um pouco mais amplo e ponderar que, se n\u00e3o houver mudan\u00e7as mais consistentes e profundas a m\u00e9dio prazo, tudo acaba se perdendo&#8221;, afirma.&nbsp;<\/p>\n\n\n\n<p>Bueno diz que a viol\u00eancia pode influenciar essa opini\u00e3o, mas os \u00edndices tamb\u00e9m podem mostrar que, em regi\u00f5es mais pobres e mais afastadas, a popula\u00e7\u00e3o tem uma demanda maior pelo Estado.<\/p>\n\n\n\n<p>&#8220;Isso pode estar conectado ao padr\u00e3o de desenvolvimento do territ\u00f3rio. No Sudeste est\u00e3o algumas das pol\u00edcias mais antigas e estruturadas do pa\u00eds, com efetivos relativamente grandes, e que se mostram mais presentes para a popula\u00e7\u00e3o. Uma pessoa no interior de S\u00e3o Paulo tende a perceber mais a presen\u00e7a da pol\u00edcia que uma pessoa no interior do Piau\u00ed e de Alagoas, por exemplo&#8221;, afirma.<\/p>\n\n\n\n<p>MEDO DE SAIR \u00c0 NOITE<\/p>\n\n\n\n<p>A pesquisa Datafolha mostra ainda que 72% da popula\u00e7\u00e3o brasileira diz ter medo de sair \u00e0s ruas de suas cidades depois que anoitece.&nbsp;<\/p>\n\n\n\n<p>Do total, 50% afirmou ter muito medo, e 22% disse ter um pouco de medo. O \u00edndice \u00e9 bem maior entre mulheres -grupo em que 79% dizem temer andar \u00e0 noite. Entre os homens, esse \u00edndice \u00e9 de 63%.<\/p>\n\n\n\n<p>Mais pobres e mais velhos tamb\u00e9m t\u00eam mais medo de andar nas ruas durante as noites: 75% dos que ganham at\u00e9 dois sal\u00e1rios m\u00ednimos e 78% dos que t\u00eam mais de 60 anos disseram temer andar \u00e0 noite.<\/p>\n\n\n\n<p>Esse temor, no entanto, \u00e9 menor em cidades pequenas. Enquanto 37% dos que vivem em lugares com at\u00e9 50 mil habitantes disseram n\u00e3o terem medo de sair \u00e0 noite, o \u00edndice cai para 21% nas cidades com mais de 500 mil habitantes.<\/p>\n","protected":false},"excerpt":{"rendered":"<p>A maioria dos brasileiros acredita que, para combater a viol\u00eancia, o governo deve priorizar investimentos na cria\u00e7\u00e3o de empregos e na melhoria da educa\u00e7\u00e3o, e&hellip; <\/p>\n","protected":false},"author":1,"featured_media":143785,"comment_status":"closed","ping_status":"closed","sticky":false,"template":"","format":"standard","meta":{"sfsi_plus_gutenberg_text_before_share":"","sfsi_plus_gutenberg_show_text_before_share":"","sfsi_plus_gutenberg_icon_type":"","sfsi_plus_gutenberg_icon_alignemt":"","sfsi_plus_gutenburg_max_per_row":"","footnotes":""},"categories":[11],"tags":[],"class_list":["post-143783","post","type-post","status-publish","format-standard","has-post-thumbnail","hentry","category-politica"],"_links":{"self":[{"href":"https:\/\/www.caririemacao.com\/1\/wp-json\/wp\/v2\/posts\/143783","targetHints":{"allow":["GET"]}}],"collection":[{"href":"https:\/\/www.caririemacao.com\/1\/wp-json\/wp\/v2\/posts"}],"about":[{"href":"https:\/\/www.caririemacao.com\/1\/wp-json\/wp\/v2\/types\/post"}],"author":[{"embeddable":true,"href":"https:\/\/www.caririemacao.com\/1\/wp-json\/wp\/v2\/users\/1"}],"replies":[{"embeddable":true,"href":"https:\/\/www.caririemacao.com\/1\/wp-json\/wp\/v2\/comments?post=143783"}],"version-history":[{"count":1,"href":"https:\/\/www.caririemacao.com\/1\/wp-json\/wp\/v2\/posts\/143783\/revisions"}],"predecessor-version":[{"id":143786,"href":"https:\/\/www.caririemacao.com\/1\/wp-json\/wp\/v2\/posts\/143783\/revisions\/143786"}],"wp:featuredmedia":[{"embeddable":true,"href":"https:\/\/www.caririemacao.com\/1\/wp-json\/wp\/v2\/media\/143785"}],"wp:attachment":[{"href":"https:\/\/www.caririemacao.com\/1\/wp-json\/wp\/v2\/media?parent=143783"}],"wp:term":[{"taxonomy":"category","embeddable":true,"href":"https:\/\/www.caririemacao.com\/1\/wp-json\/wp\/v2\/categories?post=143783"},{"taxonomy":"post_tag","embeddable":true,"href":"https:\/\/www.caririemacao.com\/1\/wp-json\/wp\/v2\/tags?post=143783"}],"curies":[{"name":"wp","href":"https:\/\/api.w.org\/{rel}","templated":true}]}}