{"id":143792,"date":"2019-12-30T16:20:14","date_gmt":"2019-12-30T19:20:14","guid":{"rendered":"http:\/\/www.caririemacao.com\/1\/?p=143792"},"modified":"2019-12-30T16:20:14","modified_gmt":"2019-12-30T19:20:14","slug":"policia-prende-suspeito-de-assassinar-ex-presidiario-e-colocar-corpo-em-tambor-de-lixo","status":"publish","type":"post","link":"https:\/\/www.caririemacao.com\/1\/2019\/12\/30\/policia-prende-suspeito-de-assassinar-ex-presidiario-e-colocar-corpo-em-tambor-de-lixo\/","title":{"rendered":"Pol\u00edcia prende suspeito de assassinar ex-presidi\u00e1rio e colocar corpo em tambor de lixo"},"content":{"rendered":"\n<p>Um caso chocante aconteceu neste final de semana na cidade de Sol\u00e2nea. Um homem foi encontrado morto dentro de um balde \u00e0s margens da BR \u2013 230 nas proximidades do lix\u00e3o da cidade. O corpo da v\u00edtima, identificada como Jos\u00e9 Humberto de Andrade (Kiko) de 32 anos, que apresentava sinais de forte viol\u00eancia, foi encontrado por moradores que acionaram a Pol\u00edcia Militar para dar in\u00edcio \u00e0s investiga\u00e7\u00f5es.<\/p>\n\n\n\n<p>Por volta das 10 horas da manh\u00e3, um suspeito foi apresentado ao Delegado Durval Barros, trata-se de Jo\u00e3o Marcos Cardoso Silva, conhecido como \u201cPaco\u201d. O acusado possui antecedentes criminais, tendo inclusive cumprido pena por homic\u00eddio junto \u00e0 v\u00edtima.<\/p>\n\n\n\n<p>Segundo investiga\u00e7\u00f5es da Pol\u00edcia Militar em conjunto com a Pol\u00edcia Civil, a motiva\u00e7\u00e3o do crime foi que por volta das 18hrs do \u00faltimo s\u00e1bado (28), Kiko teria atentado contra o acusado, desferindo contra ele golpes de faca peixeira.<\/p>\n\n\n\n<p>Ainda com Paco foi apreendido um celular, que apresentava \u00e1udios enviados a um outro suspeito que confirma a sua participa\u00e7\u00e3o no crime. O acusado encontra-se detido na cadeia da cidade de Sol\u00e2nea. As investiga\u00e7\u00f5es seguem em busca de mais envolvidos.<\/p>\n","protected":false},"excerpt":{"rendered":"<p>Um caso chocante aconteceu neste final de semana na cidade de Sol\u00e2nea. Um homem foi encontrado morto dentro de um balde \u00e0s margens da BR&hellip; <\/p>\n","protected":false},"author":1,"featured_media":143793,"comment_status":"closed","ping_status":"closed","sticky":false,"template":"","format":"standard","meta":{"sfsi_plus_gutenberg_text_before_share":"","sfsi_plus_gutenberg_show_text_before_share":"","sfsi_plus_gutenberg_icon_type":"","sfsi_plus_gutenberg_icon_alignemt":"","sfsi_plus_gutenburg_max_per_row":"","footnotes":""},"categories":[12],"tags":[],"class_list":["post-143792","post","type-post","status-publish","format-standard","has-post-thumbnail","hentry","category-policia"],"_links":{"self":[{"href":"https:\/\/www.caririemacao.com\/1\/wp-json\/wp\/v2\/posts\/143792","targetHints":{"allow":["GET"]}}],"collection":[{"href":"https:\/\/www.caririemacao.com\/1\/wp-json\/wp\/v2\/posts"}],"about":[{"href":"https:\/\/www.caririemacao.com\/1\/wp-json\/wp\/v2\/types\/post"}],"author":[{"embeddable":true,"href":"https:\/\/www.caririemacao.com\/1\/wp-json\/wp\/v2\/users\/1"}],"replies":[{"embeddable":true,"href":"https:\/\/www.caririemacao.com\/1\/wp-json\/wp\/v2\/comments?post=143792"}],"version-history":[{"count":1,"href":"https:\/\/www.caririemacao.com\/1\/wp-json\/wp\/v2\/posts\/143792\/revisions"}],"predecessor-version":[{"id":143794,"href":"https:\/\/www.caririemacao.com\/1\/wp-json\/wp\/v2\/posts\/143792\/revisions\/143794"}],"wp:featuredmedia":[{"embeddable":true,"href":"https:\/\/www.caririemacao.com\/1\/wp-json\/wp\/v2\/media\/143793"}],"wp:attachment":[{"href":"https:\/\/www.caririemacao.com\/1\/wp-json\/wp\/v2\/media?parent=143792"}],"wp:term":[{"taxonomy":"category","embeddable":true,"href":"https:\/\/www.caririemacao.com\/1\/wp-json\/wp\/v2\/categories?post=143792"},{"taxonomy":"post_tag","embeddable":true,"href":"https:\/\/www.caririemacao.com\/1\/wp-json\/wp\/v2\/tags?post=143792"}],"curies":[{"name":"wp","href":"https:\/\/api.w.org\/{rel}","templated":true}]}}