{"id":143798,"date":"2019-12-30T16:21:34","date_gmt":"2019-12-30T19:21:34","guid":{"rendered":"http:\/\/www.caririemacao.com\/1\/?p=143798"},"modified":"2019-12-30T16:21:34","modified_gmt":"2019-12-30T19:21:34","slug":"o-fim-do-ano-e-sempre-o-comeco-de-um-novo-ciclo-diz-joao-azevedo-em-mensagem-aos-paraibanos","status":"publish","type":"post","link":"https:\/\/www.caririemacao.com\/1\/2019\/12\/30\/o-fim-do-ano-e-sempre-o-comeco-de-um-novo-ciclo-diz-joao-azevedo-em-mensagem-aos-paraibanos\/","title":{"rendered":"\u201cO fim do ano \u00e9 sempre o come\u00e7o de um novo ciclo\u201d, diz Jo\u00e3o Azev\u00eado em mensagem aos paraibanos"},"content":{"rendered":"\n<p>O governador Jo\u00e3o Azev\u00eado (sem partido) encaminhou, nesta segunda-feira (30), antev\u00e9spera do ano novo, mensagem de final de ano, destacando as conquistas obtidas em 2019. No texto, ele agradece o apoio recebido e renova as energias para novas conquistas em 2020.<\/p>\n\n\n\n<p>Jo\u00e3o Azev\u00eado considera o pr\u00f3ximo exerc\u00edcio como per\u00edodo para constru\u00e7\u00e3o de um novo ciclo na Para\u00edba. Confira abaixo a mensagem na \u00edntegra:<\/p>\n\n\n\n<p>\u201cUm novo momento para agradecer e renovar as energias, fortalecer os compromissos, avaliar o caminho percorrido e evoluir a cada novo passo. Juntos, vamos tornar reais os nossos sonhos\u201d, afirma para acrescentar:<\/p>\n\n\n\n<p>\u201cO amanh\u00e3 come\u00e7a agora. Cheio de esperan\u00e7a, coragem e dedica\u00e7\u00e3o. Somos um estado de lutas e vit\u00f3rias. Somos a Para\u00edba em a\u00e7\u00e3o. Feliz Novo Ano. Feliz 2020\u201d, concluiu.<\/p>\n\n\n\n<p><em>Wscom<\/em><\/p>\n","protected":false},"excerpt":{"rendered":"<p>O governador Jo\u00e3o Azev\u00eado (sem partido) encaminhou, nesta segunda-feira (30), antev\u00e9spera do ano novo, mensagem de final de ano, destacando as conquistas obtidas em 2019.&hellip; <\/p>\n","protected":false},"author":1,"featured_media":132480,"comment_status":"closed","ping_status":"closed","sticky":false,"template":"","format":"standard","meta":{"sfsi_plus_gutenberg_text_before_share":"","sfsi_plus_gutenberg_show_text_before_share":"","sfsi_plus_gutenberg_icon_type":"","sfsi_plus_gutenberg_icon_alignemt":"","sfsi_plus_gutenburg_max_per_row":"","footnotes":""},"categories":[11],"tags":[],"class_list":["post-143798","post","type-post","status-publish","format-standard","has-post-thumbnail","hentry","category-politica"],"_links":{"self":[{"href":"https:\/\/www.caririemacao.com\/1\/wp-json\/wp\/v2\/posts\/143798","targetHints":{"allow":["GET"]}}],"collection":[{"href":"https:\/\/www.caririemacao.com\/1\/wp-json\/wp\/v2\/posts"}],"about":[{"href":"https:\/\/www.caririemacao.com\/1\/wp-json\/wp\/v2\/types\/post"}],"author":[{"embeddable":true,"href":"https:\/\/www.caririemacao.com\/1\/wp-json\/wp\/v2\/users\/1"}],"replies":[{"embeddable":true,"href":"https:\/\/www.caririemacao.com\/1\/wp-json\/wp\/v2\/comments?post=143798"}],"version-history":[{"count":1,"href":"https:\/\/www.caririemacao.com\/1\/wp-json\/wp\/v2\/posts\/143798\/revisions"}],"predecessor-version":[{"id":143801,"href":"https:\/\/www.caririemacao.com\/1\/wp-json\/wp\/v2\/posts\/143798\/revisions\/143801"}],"wp:featuredmedia":[{"embeddable":true,"href":"https:\/\/www.caririemacao.com\/1\/wp-json\/wp\/v2\/media\/132480"}],"wp:attachment":[{"href":"https:\/\/www.caririemacao.com\/1\/wp-json\/wp\/v2\/media?parent=143798"}],"wp:term":[{"taxonomy":"category","embeddable":true,"href":"https:\/\/www.caririemacao.com\/1\/wp-json\/wp\/v2\/categories?post=143798"},{"taxonomy":"post_tag","embeddable":true,"href":"https:\/\/www.caririemacao.com\/1\/wp-json\/wp\/v2\/tags?post=143798"}],"curies":[{"name":"wp","href":"https:\/\/api.w.org\/{rel}","templated":true}]}}