{"id":143814,"date":"2019-12-31T03:50:50","date_gmt":"2019-12-31T06:50:50","guid":{"rendered":"http:\/\/www.caririemacao.com\/1\/?p=143814"},"modified":"2019-12-31T03:50:50","modified_gmt":"2019-12-31T06:50:50","slug":"nestle-abre-oportunidades-para-publico-60-na-paraiba","status":"publish","type":"post","link":"https:\/\/www.caririemacao.com\/1\/2019\/12\/31\/nestle-abre-oportunidades-para-publico-60-na-paraiba\/","title":{"rendered":"Nestl\u00e9 abre oportunidades para p\u00fablico 60+ na Para\u00edba"},"content":{"rendered":"\n<p>A Nestl\u00e9 est\u00e1 contratando profissionais com mais de 60 anos para atuar como impulsionadores em pontos-de-venda na Para\u00edba e em mais 10 Estados, para o per\u00edodo de 16 de janeiro a 16 de fevereiro. A iniciativa refor\u00e7a o comprometimento da Nestl\u00e9 em promover a diversidade no dentro e fora do local de trabalho, criando ambientes mais inclusivos e mais engajados socialmente.<\/p>\n\n\n\n<p>Os interessados podem se candidatar at\u00e9 10 de janeiro de 2020 pelo site&nbsp;<a href=\"https:\/\/forms.gle\/giRPnhZj1fvbiNQe9\" target=\"_blank\" rel=\"noreferrer noopener\">https:\/\/forms.gle\/giRPnhZj1fvbiNQe9<\/a>&nbsp;para oportunidades nos estados da Bahia, Cear\u00e1, Para\u00edba, Paran\u00e1, Pernambuco, Rio Grande do Norte, Rio Grande do Sul, Rio de Janeiro, Santa Catarina, S\u00e3o Paulo e Sergipe. Al\u00e9m da idade superior a 60 anos, \u00e9 preciso ter conclu\u00eddo o ensino m\u00e9dio. Os selecionados passar\u00e3o por um treinamento na Nestl\u00e9, antes de iniciar o trabalho nos pontos-de-venda. A ideia \u00e9 que os impulsionadores participem da divulga\u00e7\u00e3o de produtos que far\u00e3o parte de uma nova a\u00e7\u00e3o promocional que a Nestl\u00e9 lan\u00e7a no in\u00edcio do pr\u00f3ximo m\u00eas.<\/p>\n\n\n\n<p>\u201cCada vez mais, a Nestl\u00e9 vem expandindo seus esfor\u00e7os para fortalecer sua cultura de inclus\u00e3o, com uma for\u00e7a de trabalho diversificada. Com essa iniciativa vamos unir a experi\u00eancia profissional e contribuir para a inclus\u00e3o ou a reinser\u00e7\u00e3o desses profissionais no mercado de trabalho\u201d, destaca o head de Merchandising da Nestl\u00e9 Brasil, Felipe Votisch.<\/p>\n","protected":false},"excerpt":{"rendered":"<p>A Nestl\u00e9 est\u00e1 contratando profissionais com mais de 60 anos para atuar como impulsionadores em pontos-de-venda na Para\u00edba e em mais 10 Estados, para o&hellip; <\/p>\n","protected":false},"author":2,"featured_media":143815,"comment_status":"closed","ping_status":"closed","sticky":false,"template":"","format":"standard","meta":{"sfsi_plus_gutenberg_text_before_share":"","sfsi_plus_gutenberg_show_text_before_share":"","sfsi_plus_gutenberg_icon_type":"","sfsi_plus_gutenberg_icon_alignemt":"","sfsi_plus_gutenburg_max_per_row":"","footnotes":""},"categories":[50,2],"tags":[],"class_list":["post-143814","post","type-post","status-publish","format-standard","has-post-thumbnail","hentry","category-destaque","category-geral"],"_links":{"self":[{"href":"https:\/\/www.caririemacao.com\/1\/wp-json\/wp\/v2\/posts\/143814","targetHints":{"allow":["GET"]}}],"collection":[{"href":"https:\/\/www.caririemacao.com\/1\/wp-json\/wp\/v2\/posts"}],"about":[{"href":"https:\/\/www.caririemacao.com\/1\/wp-json\/wp\/v2\/types\/post"}],"author":[{"embeddable":true,"href":"https:\/\/www.caririemacao.com\/1\/wp-json\/wp\/v2\/users\/2"}],"replies":[{"embeddable":true,"href":"https:\/\/www.caririemacao.com\/1\/wp-json\/wp\/v2\/comments?post=143814"}],"version-history":[{"count":1,"href":"https:\/\/www.caririemacao.com\/1\/wp-json\/wp\/v2\/posts\/143814\/revisions"}],"predecessor-version":[{"id":143816,"href":"https:\/\/www.caririemacao.com\/1\/wp-json\/wp\/v2\/posts\/143814\/revisions\/143816"}],"wp:featuredmedia":[{"embeddable":true,"href":"https:\/\/www.caririemacao.com\/1\/wp-json\/wp\/v2\/media\/143815"}],"wp:attachment":[{"href":"https:\/\/www.caririemacao.com\/1\/wp-json\/wp\/v2\/media?parent=143814"}],"wp:term":[{"taxonomy":"category","embeddable":true,"href":"https:\/\/www.caririemacao.com\/1\/wp-json\/wp\/v2\/categories?post=143814"},{"taxonomy":"post_tag","embeddable":true,"href":"https:\/\/www.caririemacao.com\/1\/wp-json\/wp\/v2\/tags?post=143814"}],"curies":[{"name":"wp","href":"https:\/\/api.w.org\/{rel}","templated":true}]}}